{"id":41259,"date":"2016-09-20T16:39:28","date_gmt":"2016-09-20T21:39:28","guid":{"rendered":"http:\/\/lamendigapolitica.com\/blog\/?p=41259"},"modified":"2016-09-20T16:59:19","modified_gmt":"2016-09-20T21:59:19","slug":"buscan-testimonios-de-violencia-para-evidencias","status":"publish","type":"post","link":"https:\/\/lamendigapolitica.com\/?p=41259","title":{"rendered":"Buscan testimonios de violencia para \u201cEvidencias\u201d"},"content":{"rendered":"<p><a href=\"https:\/\/lamendigapolitica.com\/blog\/blog\/wp-content\/uploads\/2016\/09\/29818203735_74c38d703b_z.jpg\" rel=\"attachment wp-att-41260\"><img loading=\"lazy\" decoding=\"async\" class=\"aligncenter wp-image-41260\" src=\"https:\/\/lamendigapolitica.com\/blog\/blog\/wp-content\/uploads\/2016\/09\/29818203735_74c38d703b_z.jpg\" alt=\"29818203735_74c38d703b_z\" width=\"429\" height=\"286\" srcset=\"https:\/\/lamendigapolitica.com\/wp-content\/uploads\/2016\/09\/29818203735_74c38d703b_z.jpg 640w, https:\/\/lamendigapolitica.com\/wp-content\/uploads\/2016\/09\/29818203735_74c38d703b_z-300x200.jpg 300w\" sizes=\"auto, (max-width: 429px) 100vw, 429px\" \/><\/a><\/p>\n<p>&nbsp;<\/p>\n<p>Para reforzar y hacer participes a las muejerw tapat\u00edas de la exposici\u00f3n \u201cEvidencias\u201d de la artista capitalina Lorena Wolffer, a trav\u00e9s de la Direcci\u00f3n de Cultura Guadalajara, y el Instituto Municipal de las Mujeres en Guadalajara, se invita a colaborar en la intervenci\u00f3n cultural de donando objetos empleados para ejercer todos los tipos y modalidades de violencia contra las mujeres, acompa\u00f1ado por un testimonio an\u00f3nimo.<\/p>\n<p>&nbsp;<\/p>\n<p>El objetivo de la exposici\u00f3n-intervenci\u00f3n cultural \u201cEvidencias\u201d es visibilizar y enunciar la violencia contra las mujeres, a trav\u00e9s de los objetos y los testimonios de las donantes. A decir de la artista nacida en la Ciudad de M\u00e9xico, esta intervenci\u00f3n provoca que exista un espacio donde todas estas voces tengan lugar desde sus singularidades y sus diferencias.<\/p>\n<p>&nbsp;<\/p>\n<p>Con esta exposici\u00f3n \u201cel p\u00fablico participante experimenta el tr\u00e1nsito de sus vivencias individuales, de \u00e1mbitos privados a esferas p\u00fablicas, como un singular proceso de dignificaci\u00f3n, empoderamiento y sanaci\u00f3n. Cada testimonio propicia que cada integrante del p\u00fablico se relacione con la obra desde la misma subjetividad, resultando en una poderosa y reveladora interacci\u00f3n\u201d.<\/p>\n<p>&nbsp;<\/p>\n<p>La recepci\u00f3n de objetos y testimonios en instancias e instituciones se realizar\u00e1 desde el 20 de septiembre hasta el 4 de noviembre y en el Museo de Arte Ra\u00fal Anguiano (MURA) del 10 al 16 de noviembre. El montaje de la obra en el MURA por Lorena Wolffer y donadoras invitadas se realizar\u00e1 del 14 al 16 de noviembre. La fecha de inauguraci\u00f3n de \u201cEvidencias\u201d en el MURA ser\u00e1 el viernes 18 de noviembre a las 20:00 horas, con entrada libre a todo el p\u00fablico y permanecer\u00e1 hasta el 29 de enero de 2017.<\/p>\n","protected":false},"excerpt":{"rendered":"<p>&nbsp; Para reforzar y hacer participes a las muejerw tapat\u00edas de la exposici\u00f3n \u201cEvidencias\u201d de la artista capitalina Lorena Wolffer, a trav\u00e9s de la Direcci\u00f3n de Cultura Guadalajara, y el Instituto Municipal de las Mujeres en Guadalajara, se invita a colaborar en la intervenci\u00f3n cultural de donando objetos empleados para ejercer todos los tipos y &hellip; <\/p>\n<p><a class=\"more-link btn\" href=\"https:\/\/lamendigapolitica.com\/?p=41259\">Seguir leyendo<\/a><\/p>\n","protected":false},"author":1,"featured_media":0,"comment_status":"open","ping_status":"closed","sticky":false,"template":"","format":"standard","meta":{"footnotes":""},"categories":[26,20,22],"tags":[],"class_list":["post-41259","post","type-post","status-publish","format-standard","hentry","category-cultura","category-gobierno","category-sociales","item-wrap"],"_links":{"self":[{"href":"https:\/\/lamendigapolitica.com\/index.php?rest_route=\/wp\/v2\/posts\/41259","targetHints":{"allow":["GET"]}}],"collection":[{"href":"https:\/\/lamendigapolitica.com\/index.php?rest_route=\/wp\/v2\/posts"}],"about":[{"href":"https:\/\/lamendigapolitica.com\/index.php?rest_route=\/wp\/v2\/types\/post"}],"author":[{"embeddable":true,"href":"https:\/\/lamendigapolitica.com\/index.php?rest_route=\/wp\/v2\/users\/1"}],"replies":[{"embeddable":true,"href":"https:\/\/lamendigapolitica.com\/index.php?rest_route=%2Fwp%2Fv2%2Fcomments&post=41259"}],"version-history":[{"count":1,"href":"https:\/\/lamendigapolitica.com\/index.php?rest_route=\/wp\/v2\/posts\/41259\/revisions"}],"predecessor-version":[{"id":41261,"href":"https:\/\/lamendigapolitica.com\/index.php?rest_route=\/wp\/v2\/posts\/41259\/revisions\/41261"}],"wp:attachment":[{"href":"https:\/\/lamendigapolitica.com\/index.php?rest_route=%2Fwp%2Fv2%2Fmedia&parent=41259"}],"wp:term":[{"taxonomy":"category","embeddable":true,"href":"https:\/\/lamendigapolitica.com\/index.php?rest_route=%2Fwp%2Fv2%2Fcategories&post=41259"},{"taxonomy":"post_tag","embeddable":true,"href":"https:\/\/lamendigapolitica.com\/index.php?rest_route=%2Fwp%2Fv2%2Ftags&post=41259"}],"curies":[{"name":"wp","href":"https:\/\/api.w.org\/{rel}","templated":true}]}}