{"id":41256,"date":"2016-09-20T16:26:21","date_gmt":"2016-09-20T21:26:21","guid":{"rendered":"http:\/\/lamendigapolitica.com\/blog\/?p=41256"},"modified":"2016-09-20T16:26:21","modified_gmt":"2016-09-20T21:26:21","slug":"instalan-taller-de-restauracion-para-la-minerva","status":"publish","type":"post","link":"https:\/\/lamendigapolitica.com\/?p=41256","title":{"rendered":"Instalan taller de restauraci\u00f3n para la Minerva"},"content":{"rendered":"<p><a href=\"https:\/\/lamendigapolitica.com\/blog\/blog\/wp-content\/uploads\/2016\/09\/taller.jpg\" rel=\"attachment wp-att-41257\"><img loading=\"lazy\" decoding=\"async\" class=\"aligncenter  wp-image-41257\" src=\"https:\/\/lamendigapolitica.com\/blog\/blog\/wp-content\/uploads\/2016\/09\/taller.jpg\" alt=\"taller\" width=\"373\" height=\"280\" srcset=\"https:\/\/lamendigapolitica.com\/wp-content\/uploads\/2016\/09\/taller.jpg 1280w, https:\/\/lamendigapolitica.com\/wp-content\/uploads\/2016\/09\/taller-300x225.jpg 300w, https:\/\/lamendigapolitica.com\/wp-content\/uploads\/2016\/09\/taller-768x577.jpg 768w, https:\/\/lamendigapolitica.com\/wp-content\/uploads\/2016\/09\/taller-1024x769.jpg 1024w\" sizes=\"auto, (max-width: 373px) 100vw, 373px\" \/><\/a><\/p>\n<p>&nbsp;<\/p>\n<p>Arranc\u00f3 formalmente la segunda etapa de renovaci\u00f3n la Minerva por lo que ya comenz\u00f3 la instalaci\u00f3n del taller de restauraci\u00f3n. El taller, que incluir\u00e1 un \u00e1rea de ba\u00f1os, sala de juntas, bodega y una oficina, estar\u00e1 terminado la pr\u00f3xima semana. En estos momentos se trabaja en la instalaci\u00f3n de una malla perimetral para su protecci\u00f3n.<\/p>\n<p>&nbsp;<\/p>\n<p>Los restauradores usar\u00e1n este taller, que estar\u00e1 ubicado dentro del conjunto monumental, para restaurar las piedras de la base del monumento y las 397 letras de metal que componen el conjunto.<\/p>\n<p>&nbsp;<\/p>\n<p>Estas obras cuentan con el aval de la Secretar\u00eda de Cultura del Gobierno del Estado de Jalisco, a trav\u00e9s de la Direcci\u00f3n de Patrimonio Art\u00edstico e Hist\u00f3rico, quien consider\u00f3 el pasado 29 de agosto como \u201cpertinentes los criterios, especificaciones t\u00e9cnicas, y materiales que pretenden aplicar para la intervenci\u00f3n de la escultura, el basamento, muro y letras que componen el conjunto de la Minerva\u201d. Adicionalmente, el pasado 17 de agosto, la Escuela de Conservaci\u00f3n y Restauraci\u00f3n de Occidente (ECRO), aval\u00f3 tambi\u00e9n el proyecto de estudio, conservaci\u00f3n y restauraci\u00f3n de la Minerva.<\/p>\n","protected":false},"excerpt":{"rendered":"<p>&nbsp; Arranc\u00f3 formalmente la segunda etapa de renovaci\u00f3n la Minerva por lo que ya comenz\u00f3 la instalaci\u00f3n del taller de restauraci\u00f3n. El taller, que incluir\u00e1 un \u00e1rea de ba\u00f1os, sala de juntas, bodega y una oficina, estar\u00e1 terminado la pr\u00f3xima semana. En estos momentos se trabaja en la instalaci\u00f3n de una malla perimetral para su &hellip; <\/p>\n<p><a class=\"more-link btn\" href=\"https:\/\/lamendigapolitica.com\/?p=41256\">Seguir leyendo<\/a><\/p>\n","protected":false},"author":1,"featured_media":0,"comment_status":"open","ping_status":"closed","sticky":false,"template":"","format":"standard","meta":{"footnotes":""},"categories":[20,5,3,24],"tags":[],"class_list":["post-41256","post","type-post","status-publish","format-standard","hentry","category-gobierno","category-partidos","category-politica","category-turismo","item-wrap"],"_links":{"self":[{"href":"https:\/\/lamendigapolitica.com\/index.php?rest_route=\/wp\/v2\/posts\/41256","targetHints":{"allow":["GET"]}}],"collection":[{"href":"https:\/\/lamendigapolitica.com\/index.php?rest_route=\/wp\/v2\/posts"}],"about":[{"href":"https:\/\/lamendigapolitica.com\/index.php?rest_route=\/wp\/v2\/types\/post"}],"author":[{"embeddable":true,"href":"https:\/\/lamendigapolitica.com\/index.php?rest_route=\/wp\/v2\/users\/1"}],"replies":[{"embeddable":true,"href":"https:\/\/lamendigapolitica.com\/index.php?rest_route=%2Fwp%2Fv2%2Fcomments&post=41256"}],"version-history":[{"count":1,"href":"https:\/\/lamendigapolitica.com\/index.php?rest_route=\/wp\/v2\/posts\/41256\/revisions"}],"predecessor-version":[{"id":41258,"href":"https:\/\/lamendigapolitica.com\/index.php?rest_route=\/wp\/v2\/posts\/41256\/revisions\/41258"}],"wp:attachment":[{"href":"https:\/\/lamendigapolitica.com\/index.php?rest_route=%2Fwp%2Fv2%2Fmedia&parent=41256"}],"wp:term":[{"taxonomy":"category","embeddable":true,"href":"https:\/\/lamendigapolitica.com\/index.php?rest_route=%2Fwp%2Fv2%2Fcategories&post=41256"},{"taxonomy":"post_tag","embeddable":true,"href":"https:\/\/lamendigapolitica.com\/index.php?rest_route=%2Fwp%2Fv2%2Ftags&post=41256"}],"curies":[{"name":"wp","href":"https:\/\/api.w.org\/{rel}","templated":true}]}}