{"id":41253,"date":"2016-09-20T16:24:01","date_gmt":"2016-09-20T21:24:01","guid":{"rendered":"http:\/\/lamendigapolitica.com\/blog\/?p=41253"},"modified":"2016-09-20T16:24:18","modified_gmt":"2016-09-20T21:24:18","slug":"el-centro-cultural-constitucion-esta-listo-para-inaugurarse","status":"publish","type":"post","link":"https:\/\/lamendigapolitica.com\/?p=41253","title":{"rendered":"El Centro Cultural Constituci\u00f3n est\u00e1 listo para inaugurarse"},"content":{"rendered":"<p><a href=\"https:\/\/lamendigapolitica.com\/blog\/blog\/wp-content\/uploads\/2016\/09\/29818407035_32e72273b7_z.jpg\" rel=\"attachment wp-att-41254\"><img loading=\"lazy\" decoding=\"async\" class=\"aligncenter wp-image-41254\" src=\"https:\/\/lamendigapolitica.com\/blog\/blog\/wp-content\/uploads\/2016\/09\/29818407035_32e72273b7_z.jpg\" alt=\"29818407035_32e72273b7_z\" width=\"382\" height=\"255\" srcset=\"https:\/\/lamendigapolitica.com\/wp-content\/uploads\/2016\/09\/29818407035_32e72273b7_z.jpg 640w, https:\/\/lamendigapolitica.com\/wp-content\/uploads\/2016\/09\/29818407035_32e72273b7_z-300x201.jpg 300w\" sizes=\"auto, (max-width: 382px) 100vw, 382px\" \/><\/a><\/p>\n<p>&nbsp;<\/p>\n<p>Este mi\u00e9rcoles 21 de septiembre a las 19:00 horas, abrir\u00e1 sus puertas Centro Cultural Constituci\u00f3n, mismo que atender\u00e1 de manera directa a unas 800 personas y contar\u00e1 con una oferta de talleres y cursos de artes pl\u00e1sticas, m\u00fasica y danza Albergar\u00e1 la Escuela de M\u00fasica, a la Orquesta de C\u00e1mara de Zapopan, a la Orquesta Juvenil, al Coro de Zapopan e iniciar\u00e1n actividades la Orquesta y Coro Esperanza Azteca<\/p>\n<p>&nbsp;<\/p>\n<p>El director de Cultura de Zapopan, Luis Gerardo Ascencio, encabez\u00f3 hoy un recorrido en el que mencion\u00f3 que se hizo una inversi\u00f3n de 145 millones de pesos, \u201cEste edificio viene a llenar un hueco en materia de infraestructura cultural en Zapopan, sobre todo en infraestructura p\u00fablica, en este sentido y por primera ocasi\u00f3n hay un edificio construido exprofeso para trabajar en la capacitaci\u00f3n de las artes esc\u00e9nicas y en las artes pl\u00e1sticas, de tal forma que aqu\u00ed tenemos no solamente un gran auditorio, el cual se dot\u00f3 de todos los requerimientos t\u00e9cnicos para poder ser utilizado como sala de artes esc\u00e9nicas, sino tambi\u00e9n todas las instalaciones para la escuela de m\u00fasica, para artes pl\u00e1sticas y ballet\u201d.<\/p>\n<p>&nbsp;<\/p>\n<p>Dijo \u00a0regularmente este espacio cultural podr\u00e1 atender de manera simult\u00e1nea a alrededor de 800 personas en las distintas disciplinas que se ofertar\u00e1n. Durante el recorrido se dio cuenta de los diversos espacios del nuevo Centro Cultural Constituci\u00f3n: un auditorio con un aforo para 500 personas, \u00e1rea\u00a0 equipada con tecnolog\u00eda de punta para iluminaci\u00f3n y sonido, adem\u00e1s de camerinos y cabina de grabaci\u00f3n.<\/p>\n<p>&nbsp;<\/p>\n<p>Dentro del recorrido se observaron los espacios habilitados para diversas disciplinas que ser\u00e1n impartidas en el Centro Cultural, como el sal\u00f3n de usos m\u00faltiples, las cuatro aulas para impartir talleres de artes pl\u00e1sticas y tres salones habilitados para los cursos de danza, adem\u00e1s se habilita una biblioteca que est\u00e1 inscrita en la Red Estatal de Bibliotecas P\u00fablicas de Jalisco. Durante la supervisi\u00f3n, el funcionario a\u00f1adi\u00f3 que: \u201cLa estructura ya est\u00e1 en su totalidad y se concluye la etapa de limpieza y terminados, traslado y acomodo del mobiliario; de hecho ya se trabaja con las diferentes compa\u00f1\u00edas con que cuenta el Municipio, ensa\u00f1ando desde la semana pasada\u201d.<\/p>\n","protected":false},"excerpt":{"rendered":"<p>&nbsp; Este mi\u00e9rcoles 21 de septiembre a las 19:00 horas, abrir\u00e1 sus puertas Centro Cultural Constituci\u00f3n, mismo que atender\u00e1 de manera directa a unas 800 personas y contar\u00e1 con una oferta de talleres y cursos de artes pl\u00e1sticas, m\u00fasica y danza Albergar\u00e1 la Escuela de M\u00fasica, a la Orquesta de C\u00e1mara de Zapopan, a la &hellip; <\/p>\n<p><a class=\"more-link btn\" href=\"https:\/\/lamendigapolitica.com\/?p=41253\">Seguir leyendo<\/a><\/p>\n","protected":false},"author":1,"featured_media":0,"comment_status":"open","ping_status":"closed","sticky":false,"template":"","format":"standard","meta":{"footnotes":""},"categories":[6,26,20,5,3],"tags":[],"class_list":["post-41253","post","type-post","status-publish","format-standard","hentry","category-congreso","category-cultura","category-gobierno","category-partidos","category-politica","item-wrap"],"_links":{"self":[{"href":"https:\/\/lamendigapolitica.com\/index.php?rest_route=\/wp\/v2\/posts\/41253","targetHints":{"allow":["GET"]}}],"collection":[{"href":"https:\/\/lamendigapolitica.com\/index.php?rest_route=\/wp\/v2\/posts"}],"about":[{"href":"https:\/\/lamendigapolitica.com\/index.php?rest_route=\/wp\/v2\/types\/post"}],"author":[{"embeddable":true,"href":"https:\/\/lamendigapolitica.com\/index.php?rest_route=\/wp\/v2\/users\/1"}],"replies":[{"embeddable":true,"href":"https:\/\/lamendigapolitica.com\/index.php?rest_route=%2Fwp%2Fv2%2Fcomments&post=41253"}],"version-history":[{"count":1,"href":"https:\/\/lamendigapolitica.com\/index.php?rest_route=\/wp\/v2\/posts\/41253\/revisions"}],"predecessor-version":[{"id":41255,"href":"https:\/\/lamendigapolitica.com\/index.php?rest_route=\/wp\/v2\/posts\/41253\/revisions\/41255"}],"wp:attachment":[{"href":"https:\/\/lamendigapolitica.com\/index.php?rest_route=%2Fwp%2Fv2%2Fmedia&parent=41253"}],"wp:term":[{"taxonomy":"category","embeddable":true,"href":"https:\/\/lamendigapolitica.com\/index.php?rest_route=%2Fwp%2Fv2%2Fcategories&post=41253"},{"taxonomy":"post_tag","embeddable":true,"href":"https:\/\/lamendigapolitica.com\/index.php?rest_route=%2Fwp%2Fv2%2Ftags&post=41253"}],"curies":[{"name":"wp","href":"https:\/\/api.w.org\/{rel}","templated":true}]}}