{"id":41250,"date":"2016-09-20T10:30:17","date_gmt":"2016-09-20T15:30:17","guid":{"rendered":"http:\/\/lamendigapolitica.com\/blog\/?p=41250"},"modified":"2016-09-20T10:30:17","modified_gmt":"2016-09-20T15:30:17","slug":"los-obama-cenaron-a-la-mexicana","status":"publish","type":"post","link":"https:\/\/lamendigapolitica.com\/?p=41250","title":{"rendered":"Los Obama cenaron a la mexicana"},"content":{"rendered":"<p><a href=\"https:\/\/lamendigapolitica.com\/blog\/blog\/wp-content\/uploads\/2016\/09\/obama-1.jpg\" rel=\"attachment wp-att-41251\"><img loading=\"lazy\" decoding=\"async\" class=\"aligncenter  wp-image-41251\" src=\"https:\/\/lamendigapolitica.com\/blog\/blog\/wp-content\/uploads\/2016\/09\/obama-1.jpg\" alt=\"obama\" width=\"368\" height=\"206\" \/><\/a><\/p>\n<p>&nbsp;<\/p>\n<p>El presidente de Estados Unidos, Barack Obama, y su esposa Michelle Obama cenaron en Nueva York, en el restaurante de comida mexicana denominado Cosme.<\/p>\n<p>&nbsp;<\/p>\n<p>Ubicado en el barrio de Chelsea, el establecimiento del chef Enrique Olvera ofreci\u00f3 un men\u00fa surtido para el mandatario estadunidense. A dos d\u00edas de la explosi\u00f3n en Manhattan, el presidente estadunidense degust\u00f3 tostadas de at\u00fan, camarones, langostas, tlayudas y mole rojo.<\/p>\n<p>&nbsp;<\/p>\n<p>Seg\u00fan Mark Knoller, corresponsal de la CBS, el men\u00fa del mandatario estadunidense tambi\u00e9n inclu\u00eda guacamole, pulpo, huaraches y carnitas de pato.<\/p>\n<p>&nbsp;<\/p>\n<p>Olvera, chef mexicano nacido en 1976 en la Ciudad de M\u00e9xico inaugur\u00f3 hace dos a\u00f1os su establecimiento, donde ofrece platillos enraizados en los sabores y las tradiciones de M\u00e9xico.<\/p>\n","protected":false},"excerpt":{"rendered":"<p>&nbsp; El presidente de Estados Unidos, Barack Obama, y su esposa Michelle Obama cenaron en Nueva York, en el restaurante de comida mexicana denominado Cosme. &nbsp; Ubicado en el barrio de Chelsea, el establecimiento del chef Enrique Olvera ofreci\u00f3 un men\u00fa surtido para el mandatario estadunidense. A dos d\u00edas de la explosi\u00f3n en Manhattan, el &hellip; <\/p>\n<p><a class=\"more-link btn\" href=\"https:\/\/lamendigapolitica.com\/?p=41250\">Seguir leyendo<\/a><\/p>\n","protected":false},"author":1,"featured_media":0,"comment_status":"open","ping_status":"closed","sticky":false,"template":"","format":"standard","meta":{"footnotes":""},"categories":[20,31,3,22],"tags":[],"class_list":["post-41250","post","type-post","status-publish","format-standard","hentry","category-gobierno","category-internacional","category-politica","category-sociales","item-wrap"],"_links":{"self":[{"href":"https:\/\/lamendigapolitica.com\/index.php?rest_route=\/wp\/v2\/posts\/41250","targetHints":{"allow":["GET"]}}],"collection":[{"href":"https:\/\/lamendigapolitica.com\/index.php?rest_route=\/wp\/v2\/posts"}],"about":[{"href":"https:\/\/lamendigapolitica.com\/index.php?rest_route=\/wp\/v2\/types\/post"}],"author":[{"embeddable":true,"href":"https:\/\/lamendigapolitica.com\/index.php?rest_route=\/wp\/v2\/users\/1"}],"replies":[{"embeddable":true,"href":"https:\/\/lamendigapolitica.com\/index.php?rest_route=%2Fwp%2Fv2%2Fcomments&post=41250"}],"version-history":[{"count":1,"href":"https:\/\/lamendigapolitica.com\/index.php?rest_route=\/wp\/v2\/posts\/41250\/revisions"}],"predecessor-version":[{"id":41252,"href":"https:\/\/lamendigapolitica.com\/index.php?rest_route=\/wp\/v2\/posts\/41250\/revisions\/41252"}],"wp:attachment":[{"href":"https:\/\/lamendigapolitica.com\/index.php?rest_route=%2Fwp%2Fv2%2Fmedia&parent=41250"}],"wp:term":[{"taxonomy":"category","embeddable":true,"href":"https:\/\/lamendigapolitica.com\/index.php?rest_route=%2Fwp%2Fv2%2Fcategories&post=41250"},{"taxonomy":"post_tag","embeddable":true,"href":"https:\/\/lamendigapolitica.com\/index.php?rest_route=%2Fwp%2Fv2%2Ftags&post=41250"}],"curies":[{"name":"wp","href":"https:\/\/api.w.org\/{rel}","templated":true}]}}