{"id":41244,"date":"2016-09-20T10:10:06","date_gmt":"2016-09-20T15:10:06","guid":{"rendered":"http:\/\/lamendigapolitica.com\/blog\/?p=41244"},"modified":"2016-09-20T10:25:33","modified_gmt":"2016-09-20T15:25:33","slug":"efemerides-del-20-de-septiembre","status":"publish","type":"post","link":"https:\/\/lamendigapolitica.com\/?p=41244","title":{"rendered":"Efem\u00e9rides del 20 de septiembre"},"content":{"rendered":"<p><a href=\"https:\/\/lamendigapolitica.com\/blog\/blog\/wp-content\/uploads\/2016\/09\/mum.jpg\" rel=\"attachment wp-att-41248\"><img loading=\"lazy\" decoding=\"async\" class=\"aligncenter  wp-image-41248\" src=\"https:\/\/lamendigapolitica.com\/blog\/blog\/wp-content\/uploads\/2016\/09\/mum.jpg\" alt=\"mum\" width=\"360\" height=\"242\" \/><\/a><\/p>\n<p>&nbsp;<\/p>\n<p>1519 Magallanes zarpa desde Sanl\u00facar de Barrameda y comienza la primera circunnavegaci\u00f3n exitosa del mundo<\/p>\n<p>1596 El capit\u00e1n Diego de Montemayor funda la ciudad de Nuestra Se\u00f1ora de Monterrey, en honor del entonces virrey de la Nueva Espa\u00f1a, Gaspar de Ziga y Acevedo, conde de Monterrey.<\/p>\n<p>&nbsp;<\/p>\n<p>1928 Aim\u00e9 Tschiffely completa junto a sus caballos Gato y Mancha el tramo Buenos Aires-Nueva York en poco m\u00e1s de tres a\u00f1os; siendo el primero en hacerlo<\/p>\n<p>&nbsp;<\/p>\n<p>1964 El presidente L\u00f3pez Mateos inaugura el Museo de Arte Moderno de M\u00e9xico, proyecto realizado por el Arq. Pedro Ram\u00edrez V\u00e1zquez.<\/p>\n<p>&nbsp;<\/p>\n<p>1970 Deja de existir el fisi\u00f3logo mexicano Arturo Rosenblueth, quien junto con Norbert Wiener sienta las bases de la cibern\u00e9tica. Estudia los problemas de los m\u00fasculos cardiacos y las leyes que rigen el \u00abflutter\u00bb y la fibrilaci\u00f3n de la aur\u00edcula, e intenta poner las bases de una matem\u00e1tica biol\u00f3gica. Nace el 2 de octubre de 1900.<\/p>\n<p>&nbsp;<\/p>\n<p>1985 M\u00e9xico, se registra una r\u00e9plica fuerte del terremoto de M\u00e9xico de 1985, ocurrido el d\u00eda anterior.<\/p>\n","protected":false},"excerpt":{"rendered":"<p>&nbsp; 1519 Magallanes zarpa desde Sanl\u00facar de Barrameda y comienza la primera circunnavegaci\u00f3n exitosa del mundo 1596 El capit\u00e1n Diego de Montemayor funda la ciudad de Nuestra Se\u00f1ora de Monterrey, en honor del entonces virrey de la Nueva Espa\u00f1a, Gaspar de Ziga y Acevedo, conde de Monterrey. &nbsp; 1928 Aim\u00e9 Tschiffely completa junto a sus &hellip; <\/p>\n<p><a class=\"more-link btn\" href=\"https:\/\/lamendigapolitica.com\/?p=41244\">Seguir leyendo<\/a><\/p>\n","protected":false},"author":1,"featured_media":0,"comment_status":"open","ping_status":"closed","sticky":false,"template":"","format":"standard","meta":{"footnotes":""},"categories":[26,20,31,22],"tags":[],"class_list":["post-41244","post","type-post","status-publish","format-standard","hentry","category-cultura","category-gobierno","category-internacional","category-sociales","item-wrap"],"_links":{"self":[{"href":"https:\/\/lamendigapolitica.com\/index.php?rest_route=\/wp\/v2\/posts\/41244","targetHints":{"allow":["GET"]}}],"collection":[{"href":"https:\/\/lamendigapolitica.com\/index.php?rest_route=\/wp\/v2\/posts"}],"about":[{"href":"https:\/\/lamendigapolitica.com\/index.php?rest_route=\/wp\/v2\/types\/post"}],"author":[{"embeddable":true,"href":"https:\/\/lamendigapolitica.com\/index.php?rest_route=\/wp\/v2\/users\/1"}],"replies":[{"embeddable":true,"href":"https:\/\/lamendigapolitica.com\/index.php?rest_route=%2Fwp%2Fv2%2Fcomments&post=41244"}],"version-history":[{"count":3,"href":"https:\/\/lamendigapolitica.com\/index.php?rest_route=\/wp\/v2\/posts\/41244\/revisions"}],"predecessor-version":[{"id":41249,"href":"https:\/\/lamendigapolitica.com\/index.php?rest_route=\/wp\/v2\/posts\/41244\/revisions\/41249"}],"wp:attachment":[{"href":"https:\/\/lamendigapolitica.com\/index.php?rest_route=%2Fwp%2Fv2%2Fmedia&parent=41244"}],"wp:term":[{"taxonomy":"category","embeddable":true,"href":"https:\/\/lamendigapolitica.com\/index.php?rest_route=%2Fwp%2Fv2%2Fcategories&post=41244"},{"taxonomy":"post_tag","embeddable":true,"href":"https:\/\/lamendigapolitica.com\/index.php?rest_route=%2Fwp%2Fv2%2Ftags&post=41244"}],"curies":[{"name":"wp","href":"https:\/\/api.w.org\/{rel}","templated":true}]}}