{"id":41223,"date":"2016-09-19T16:59:30","date_gmt":"2016-09-19T21:59:30","guid":{"rendered":"http:\/\/lamendigapolitica.com\/blog\/?p=41223"},"modified":"2016-09-19T16:59:47","modified_gmt":"2016-09-19T21:59:47","slug":"realizan-macro-simulacro-jalisco-2016","status":"publish","type":"post","link":"https:\/\/lamendigapolitica.com\/?p=41223","title":{"rendered":"Realizan Macro Simulacro Jalisco 2016"},"content":{"rendered":"<p><a href=\"https:\/\/lamendigapolitica.com\/blog\/blog\/wp-content\/uploads\/2016\/09\/29758738126_35599417f0_z.jpg\" rel=\"attachment wp-att-41224\"><img loading=\"lazy\" decoding=\"async\" class=\"aligncenter wp-image-41224\" src=\"https:\/\/lamendigapolitica.com\/blog\/blog\/wp-content\/uploads\/2016\/09\/29758738126_35599417f0_z.jpg\" alt=\"29758738126_35599417f0_z\" width=\"398\" height=\"252\" srcset=\"https:\/\/lamendigapolitica.com\/wp-content\/uploads\/2016\/09\/29758738126_35599417f0_z.jpg 640w, https:\/\/lamendigapolitica.com\/wp-content\/uploads\/2016\/09\/29758738126_35599417f0_z-300x190.jpg 300w\" sizes=\"auto, (max-width: 398px) 100vw, 398px\" \/><\/a><\/p>\n<p>&nbsp;<\/p>\n<p>Aunque el hecho de que algunos trabajadores se salieran cinco minutos antes de que iniciara la alarma del Macro simulacro en el Palacio de Gobierno ayud\u00f3 un poco para que se cumpliera perfectamente con los records, las autoridades estatales se mostraron satisfechas del resultado de este ejercicio.<\/p>\n<p>&nbsp;<\/p>\n<p>El reloj marcaba las 12:00 horas de este lunes 19 de septiembre. De un momento a otro son\u00f3 la alarma s\u00edsmica de Palacio de Gobierno; los trabajadores del Poder Ejecutivo continuaron saliendo del inmueble dando paso al Macro Simulacro 2016, en el que se mejor\u00f3 de manera hist\u00f3rica, con 30 segundos menos, el tiempo de evacuaci\u00f3n del a\u00f1o pasado que hab\u00eda sido el mejor desde que se realiza este ejercicio en 2011, quedando ahora en 2 minutos exactos.<\/p>\n<p>&nbsp;<\/p>\n<p>Este ejercicio de evacuaci\u00f3n encabezado por el Gobernador del Estado, Arist\u00f3teles Sandoval, y coordinado por la Unidad Estatal de Protecci\u00f3n Civil y Bomberos de Jalisco (UEPCYBJ), tiene proyectada la participaci\u00f3n de seis millones de jaliscienses en todo el estado. \u201cHoy me est\u00e1n pasando el parte, donde fueron evacuadas 350 personas (en Palacio de Gobierno), todas en dos minutos estuvieron aqu\u00ed ya presentes, Protecci\u00f3n Civil qued\u00f3 dando el parte, revisando que ya no hubiera nadie en ninguna oficina\u201d, destac\u00f3 el Ejecutivo estatal.<\/p>\n<p>&nbsp;<\/p>\n<p>Guadalajara participa en el macrosimulacro<\/p>\n<p>El Ayuntamiento de Guadalajara implement\u00f3 tambi\u00e9n simulacros de evacuaci\u00f3n del personal de 28 dependencias. En Palacio Municipal fueron desalojados 250 empleados y tapat\u00edos que se encontraban en el edificio. Al t\u00e9rmino del evento, el titular de la Direcci\u00f3n de Protecci\u00f3n Civil y Bomberos, Felipe L\u00f3pez Sahag\u00fan, afirm\u00f3: \u201cHay que trabajar m\u00e1s en lo que son los simulacros y en la capacitaci\u00f3n de todas las \u00e1reas\u201d, al se\u00f1alar que el tiempo de evacuaci\u00f3n fue de 2 minutos con 40 segundos.<\/p>\n<p>Tonal\u00e1 tambi\u00e9n participa<\/p>\n<p>El ayuntamiento de Tonal\u00e1 realiz\u00f3 el ejercicio de simulacro de evacuaci\u00f3n con hip\u00f3tesis de Sismo de 7.5 grados en la Escala de Richter con epicentro en las costas del Estado de Jalisco; en el cual participaron m\u00e1s de 590 servidores p\u00fablicos de cinco dependencias municipales.<\/p>\n<p>Durante este ejercicio de evacuaci\u00f3n el presidente municipal, Sergio Ch\u00e1vez D\u00e1valos dijo: \u201cLes recuerdo que protecci\u00f3n civil somos todos, que no es un juego es algo real,\u00a0 recordemos que hace 31 a\u00f1os muchas personas perdieron la vida en la Ciudad de M\u00e9xico en el sismo ocurrido en 1985\u201d.<\/p>\n<p>Tambi\u00e9n participaron de manera simult\u00e1nea trabajadores de los tres niveles de gobierno y sectores sociales como universidades, hospitales, escuelas de educaci\u00f3n b\u00e1sica, empresas y centros comerciales. El Macro Simulacro se realiza en el marco del D\u00eda Nacional de Protecci\u00f3n Civil con el firme prop\u00f3sito de capacitar a los ciudadanos de manera preventiva para actuar en caso de registrarse alg\u00fan fen\u00f3meno natural.<\/p>\n","protected":false},"excerpt":{"rendered":"<p>&nbsp; Aunque el hecho de que algunos trabajadores se salieran cinco minutos antes de que iniciara la alarma del Macro simulacro en el Palacio de Gobierno ayud\u00f3 un poco para que se cumpliera perfectamente con los records, las autoridades estatales se mostraron satisfechas del resultado de este ejercicio. &nbsp; El reloj marcaba las 12:00 horas &hellip; <\/p>\n<p><a class=\"more-link btn\" href=\"https:\/\/lamendigapolitica.com\/?p=41223\">Seguir leyendo<\/a><\/p>\n","protected":false},"author":1,"featured_media":0,"comment_status":"open","ping_status":"closed","sticky":false,"template":"","format":"standard","meta":{"footnotes":""},"categories":[6,20,5,3,29,27],"tags":[],"class_list":["post-41223","post","type-post","status-publish","format-standard","hentry","category-congreso","category-gobierno","category-partidos","category-politica","category-salud","category-seguridad","item-wrap"],"_links":{"self":[{"href":"https:\/\/lamendigapolitica.com\/index.php?rest_route=\/wp\/v2\/posts\/41223","targetHints":{"allow":["GET"]}}],"collection":[{"href":"https:\/\/lamendigapolitica.com\/index.php?rest_route=\/wp\/v2\/posts"}],"about":[{"href":"https:\/\/lamendigapolitica.com\/index.php?rest_route=\/wp\/v2\/types\/post"}],"author":[{"embeddable":true,"href":"https:\/\/lamendigapolitica.com\/index.php?rest_route=\/wp\/v2\/users\/1"}],"replies":[{"embeddable":true,"href":"https:\/\/lamendigapolitica.com\/index.php?rest_route=%2Fwp%2Fv2%2Fcomments&post=41223"}],"version-history":[{"count":1,"href":"https:\/\/lamendigapolitica.com\/index.php?rest_route=\/wp\/v2\/posts\/41223\/revisions"}],"predecessor-version":[{"id":41225,"href":"https:\/\/lamendigapolitica.com\/index.php?rest_route=\/wp\/v2\/posts\/41223\/revisions\/41225"}],"wp:attachment":[{"href":"https:\/\/lamendigapolitica.com\/index.php?rest_route=%2Fwp%2Fv2%2Fmedia&parent=41223"}],"wp:term":[{"taxonomy":"category","embeddable":true,"href":"https:\/\/lamendigapolitica.com\/index.php?rest_route=%2Fwp%2Fv2%2Fcategories&post=41223"},{"taxonomy":"post_tag","embeddable":true,"href":"https:\/\/lamendigapolitica.com\/index.php?rest_route=%2Fwp%2Fv2%2Ftags&post=41223"}],"curies":[{"name":"wp","href":"https:\/\/api.w.org\/{rel}","templated":true}]}}