{"id":41220,"date":"2016-09-19T16:55:58","date_gmt":"2016-09-19T21:55:58","guid":{"rendered":"http:\/\/lamendigapolitica.com\/blog\/?p=41220"},"modified":"2016-09-19T16:55:58","modified_gmt":"2016-09-19T21:55:58","slug":"llama-aristoteles-a-alcaldes-a-defender-el-fondo-metropolitano","status":"publish","type":"post","link":"https:\/\/lamendigapolitica.com\/?p=41220","title":{"rendered":"Llama Arist\u00f3teles a alcaldes a defender el Fondo Metropolitano"},"content":{"rendered":"<p><a href=\"https:\/\/lamendigapolitica.com\/blog\/blog\/wp-content\/uploads\/2016\/09\/29165910514_358d3fc339_z.jpg\" rel=\"attachment wp-att-41221\"><img loading=\"lazy\" decoding=\"async\" class=\"aligncenter  wp-image-41221\" src=\"https:\/\/lamendigapolitica.com\/blog\/blog\/wp-content\/uploads\/2016\/09\/29165910514_358d3fc339_z.jpg\" alt=\"29165910514_358d3fc339_z\" width=\"384\" height=\"244\" srcset=\"https:\/\/lamendigapolitica.com\/wp-content\/uploads\/2016\/09\/29165910514_358d3fc339_z.jpg 640w, https:\/\/lamendigapolitica.com\/wp-content\/uploads\/2016\/09\/29165910514_358d3fc339_z-300x190.jpg 300w\" sizes=\"auto, (max-width: 384px) 100vw, 384px\" \/><\/a><\/p>\n<p>&nbsp;<\/p>\n<p>\u201cEs momento de dar la batalla unidos, de cerrar filas, el Fondo Metropolitano no es una causa de alguien en lo particular, es por encima de todos, una causa de la ciudad, de la gente que aqu\u00ed habita y que espera que los pol\u00edticos tengamos la madurez de ponernos de acuerdo en una estrategia delineada para contar con los recursos necesarios para los proyectos que necesita nuestra metr\u00f3poli\u201d, exhort\u00f3 el Estado de Jalisco, Arist\u00f3teles Sandoval a los presidentes municipales del \u00c1rea Metropolitana de Guadalajara (AMG), diputados federales.<\/p>\n<p>&nbsp;<\/p>\n<p>Esta reducci\u00f3n compromete el desarrollo de la ciudad, sobre todo en la transformaci\u00f3n que se ha impulsado a lo largo de la L\u00ednea 3 con el desarrollo orientado al transporte, la priorizaci\u00f3n del peat\u00f3n y la movilidad no motorizada, as\u00ed como el transporte p\u00fablico, todo esto por encima del autom\u00f3vil, se\u00f1al\u00f3 el ejecutivo. \u201cLa semana pasada refer\u00ed que juntos, alcaldes de la zona metropolitana, diputados federales y poder ejecutivo estatal defender\u00edamos los recursos de nuestro Fondo Metropolitano, hoy es momento de hacer un formal llamado, convoco a todas las fuerzas pol\u00edticas a iniciar una jornada de trabajo coordinado con el fin de hacer patente a la c\u00e1mara de diputados la trascendencia de los proyectos que con el consenso de los alcaldes proyectamos para los pr\u00f3ximos tres a\u00f1os\u201d, dijo.<\/p>\n<p>&nbsp;<\/p>\n<p>En el evento el mandatario estatal record\u00f3 que estos recursos tambi\u00e9n comprometen los proyectos de resiliencia y en temas de inundaciones que reducir\u00e1n los riesgos de los ciudadanos del \u00c1rea Metropolitana.\u00a0 Al hacer la entrega de equipos a la Unidad Estatal de Protecci\u00f3n Civil y Bomberos de Jalisco, el Gobernador del Estado destac\u00f3 su compromiso para destinar recursos en materia de prevenci\u00f3n.\u00a0 \u201cPor ello, reiterar todo nuestro apoyo mayor a todos nuestros compa\u00f1eros para seguir invirtiendo en protecci\u00f3n civil, en protecci\u00f3n civil no se gasta, se invierte\u201d.<\/p>\n","protected":false},"excerpt":{"rendered":"<p>&nbsp; \u201cEs momento de dar la batalla unidos, de cerrar filas, el Fondo Metropolitano no es una causa de alguien en lo particular, es por encima de todos, una causa de la ciudad, de la gente que aqu\u00ed habita y que espera que los pol\u00edticos tengamos la madurez de ponernos de acuerdo en una estrategia &hellip; <\/p>\n<p><a class=\"more-link btn\" href=\"https:\/\/lamendigapolitica.com\/?p=41220\">Seguir leyendo<\/a><\/p>\n","protected":false},"author":1,"featured_media":0,"comment_status":"open","ping_status":"closed","sticky":false,"template":"","format":"standard","meta":{"footnotes":""},"categories":[6,30,20,5,3],"tags":[],"class_list":["post-41220","post","type-post","status-publish","format-standard","hentry","category-congreso","category-economia","category-gobierno","category-partidos","category-politica","item-wrap"],"_links":{"self":[{"href":"https:\/\/lamendigapolitica.com\/index.php?rest_route=\/wp\/v2\/posts\/41220","targetHints":{"allow":["GET"]}}],"collection":[{"href":"https:\/\/lamendigapolitica.com\/index.php?rest_route=\/wp\/v2\/posts"}],"about":[{"href":"https:\/\/lamendigapolitica.com\/index.php?rest_route=\/wp\/v2\/types\/post"}],"author":[{"embeddable":true,"href":"https:\/\/lamendigapolitica.com\/index.php?rest_route=\/wp\/v2\/users\/1"}],"replies":[{"embeddable":true,"href":"https:\/\/lamendigapolitica.com\/index.php?rest_route=%2Fwp%2Fv2%2Fcomments&post=41220"}],"version-history":[{"count":1,"href":"https:\/\/lamendigapolitica.com\/index.php?rest_route=\/wp\/v2\/posts\/41220\/revisions"}],"predecessor-version":[{"id":41222,"href":"https:\/\/lamendigapolitica.com\/index.php?rest_route=\/wp\/v2\/posts\/41220\/revisions\/41222"}],"wp:attachment":[{"href":"https:\/\/lamendigapolitica.com\/index.php?rest_route=%2Fwp%2Fv2%2Fmedia&parent=41220"}],"wp:term":[{"taxonomy":"category","embeddable":true,"href":"https:\/\/lamendigapolitica.com\/index.php?rest_route=%2Fwp%2Fv2%2Fcategories&post=41220"},{"taxonomy":"post_tag","embeddable":true,"href":"https:\/\/lamendigapolitica.com\/index.php?rest_route=%2Fwp%2Fv2%2Ftags&post=41220"}],"curies":[{"name":"wp","href":"https:\/\/api.w.org\/{rel}","templated":true}]}}