{"id":41217,"date":"2016-09-19T16:52:35","date_gmt":"2016-09-19T21:52:35","guid":{"rendered":"http:\/\/lamendigapolitica.com\/blog\/?p=41217"},"modified":"2016-09-19T16:52:35","modified_gmt":"2016-09-19T21:52:35","slug":"zapopan-capacita-a-servidores-publicos-en-derechos-humanos","status":"publish","type":"post","link":"https:\/\/lamendigapolitica.com\/?p=41217","title":{"rendered":"Zapopan capacita a servidores p\u00fablicos en derechos humanos"},"content":{"rendered":"<p><a href=\"https:\/\/lamendigapolitica.com\/blog\/blog\/wp-content\/uploads\/2016\/09\/29794108785_594ff55c87_z.jpg\" rel=\"attachment wp-att-41218\"><img loading=\"lazy\" decoding=\"async\" class=\"aligncenter  wp-image-41218\" src=\"https:\/\/lamendigapolitica.com\/blog\/blog\/wp-content\/uploads\/2016\/09\/29794108785_594ff55c87_z.jpg\" alt=\"29794108785_594ff55c87_z\" width=\"396\" height=\"264\" srcset=\"https:\/\/lamendigapolitica.com\/wp-content\/uploads\/2016\/09\/29794108785_594ff55c87_z.jpg 640w, https:\/\/lamendigapolitica.com\/wp-content\/uploads\/2016\/09\/29794108785_594ff55c87_z-300x200.jpg 300w\" sizes=\"auto, (max-width: 396px) 100vw, 396px\" \/><\/a><\/p>\n<p>&nbsp;<\/p>\n<p>Destacando la importancia que los servidores p\u00fablicos respeten y protegean los derechos humanos de los retenidos el Presidente Municipal de Zapopan, Pablo Lemus, inaugur\u00f3 hoy el Ciclo de Conferencias de los Derechos Humanos en el \u201cMarco de Juzgados Municipales\u201d,. Remarcando que la Polic\u00eda de Zapopan act\u00faa con energ\u00eda ante los delincuentes, sin embargo, destac\u00f3 que uno de los principios fundamentales de los servidores p\u00fablicos est\u00e1 apegado por supuesto a las garant\u00edas individuales.<\/p>\n<p>&nbsp;<\/p>\n<p>\u201cLa palabra es, invertir en nuestro personal, no se trata de que hoy estemos generando un gasto, estamos generando una inversi\u00f3n, porque en la medida en que nuestro personal este mejor capacitado, vamos a lograr que todas estas aprehensiones y que todos los operativos en calle, siempre guarden el respeto a los derechos humanos\u201d, expres\u00f3. Las conferencias se imparten por la Direcci\u00f3n de Investigaci\u00f3n y Capacitaci\u00f3n en Derechos Humanos, en ellas se abordar\u00e1n temas inherentes al ejercicio de funciones como son los derechos humanos de los retenidos, tanto en el desarrollo del procedimiento jur\u00eddico ante el Juez Municipal, como su estancia y permanencia en las instalaciones.<\/p>\n<p>&nbsp;<\/p>\n<p>Adem\u00e1s el procedimiento y estancia de los adolescentes, migrantes, ind\u00edgenas, mujeres en su calidad de infractores, derechos de la parte ofendida, as\u00ed como el actuar del servidor p\u00fablico con perspectiva de g\u00e9nero y la capacitaci\u00f3n en materia de protocolo de actuaci\u00f3n en desaparici\u00f3n de personas.<\/p>\n","protected":false},"excerpt":{"rendered":"<p>&nbsp; Destacando la importancia que los servidores p\u00fablicos respeten y protegean los derechos humanos de los retenidos el Presidente Municipal de Zapopan, Pablo Lemus, inaugur\u00f3 hoy el Ciclo de Conferencias de los Derechos Humanos en el \u201cMarco de Juzgados Municipales\u201d,. Remarcando que la Polic\u00eda de Zapopan act\u00faa con energ\u00eda ante los delincuentes, sin embargo, destac\u00f3 &hellip; <\/p>\n<p><a class=\"more-link btn\" href=\"https:\/\/lamendigapolitica.com\/?p=41217\">Seguir leyendo<\/a><\/p>\n","protected":false},"author":1,"featured_media":0,"comment_status":"open","ping_status":"closed","sticky":false,"template":"","format":"standard","meta":{"footnotes":""},"categories":[6,20,5,3],"tags":[],"class_list":["post-41217","post","type-post","status-publish","format-standard","hentry","category-congreso","category-gobierno","category-partidos","category-politica","item-wrap"],"_links":{"self":[{"href":"https:\/\/lamendigapolitica.com\/index.php?rest_route=\/wp\/v2\/posts\/41217","targetHints":{"allow":["GET"]}}],"collection":[{"href":"https:\/\/lamendigapolitica.com\/index.php?rest_route=\/wp\/v2\/posts"}],"about":[{"href":"https:\/\/lamendigapolitica.com\/index.php?rest_route=\/wp\/v2\/types\/post"}],"author":[{"embeddable":true,"href":"https:\/\/lamendigapolitica.com\/index.php?rest_route=\/wp\/v2\/users\/1"}],"replies":[{"embeddable":true,"href":"https:\/\/lamendigapolitica.com\/index.php?rest_route=%2Fwp%2Fv2%2Fcomments&post=41217"}],"version-history":[{"count":1,"href":"https:\/\/lamendigapolitica.com\/index.php?rest_route=\/wp\/v2\/posts\/41217\/revisions"}],"predecessor-version":[{"id":41219,"href":"https:\/\/lamendigapolitica.com\/index.php?rest_route=\/wp\/v2\/posts\/41217\/revisions\/41219"}],"wp:attachment":[{"href":"https:\/\/lamendigapolitica.com\/index.php?rest_route=%2Fwp%2Fv2%2Fmedia&parent=41217"}],"wp:term":[{"taxonomy":"category","embeddable":true,"href":"https:\/\/lamendigapolitica.com\/index.php?rest_route=%2Fwp%2Fv2%2Fcategories&post=41217"},{"taxonomy":"post_tag","embeddable":true,"href":"https:\/\/lamendigapolitica.com\/index.php?rest_route=%2Fwp%2Fv2%2Ftags&post=41217"}],"curies":[{"name":"wp","href":"https:\/\/api.w.org\/{rel}","templated":true}]}}