{"id":41213,"date":"2016-09-19T12:53:32","date_gmt":"2016-09-19T17:53:32","guid":{"rendered":"http:\/\/lamendigapolitica.com\/blog\/?p=41213"},"modified":"2016-09-19T13:18:20","modified_gmt":"2016-09-19T18:18:20","slug":"desperfilados","status":"publish","type":"post","link":"https:\/\/lamendigapolitica.com\/?p=41213","title":{"rendered":"Desperfilados&#8230;"},"content":{"rendered":"<p><a href=\"https:\/\/lamendigapolitica.com\/blog\/blog\/wp-content\/uploads\/2016\/09\/guero11-1.jpg\" rel=\"attachment wp-att-41215\"><img loading=\"lazy\" decoding=\"async\" class=\"alignleft size-thumbnail wp-image-41215\" src=\"https:\/\/lamendigapolitica.com\/blog\/blog\/wp-content\/uploads\/2016\/09\/guero11-1-150x150.jpg\" alt=\"guero11\" width=\"150\" height=\"150\" \/><\/a><\/p>\n<h3><span style=\"color: #333399;\">CAVILANDO ANDO\/Alfonso Garc\u00eda Sevilla<\/span><\/h3>\n<p>Historias que ocurren en Jalisco, pero que no son privativas del estado y que obligan a la reflexi\u00f3n acerca del entramaje burocr\u00e1tico, pero m\u00e1s acerca de la falta de perfiles id\u00f3neos necesarios para que las administraciones p\u00fablicas puedan funcionar y m\u00e1s all\u00e1, de gente capacitada que pueda implementar cambios orientados a mejorar los servicios que las instituciones deber\u00edan prestar en beneficio de sus gobernados (en teor\u00eda)<\/p>\n<p>As\u00ed pues, una funcionaria de primer nivel encargada de impulsar pol\u00edticas p\u00fablicas encaminadas a mejorar el muy deteriorado medio ambiente jalisciense y de muy pobres, paup\u00e9rrimos resultados en los 4 a\u00f1os de su encomienda se incomoda ante las preguntas de una reportera solo atina a responder \u00ab\u00bfQuieres que te conteste? \u00bfPor una nota de\u00a050 pesos de\u00a040 segundos? \u00bfO cu\u00e1nto te pagan?<\/p>\n<p>Dicha funcionaria es\u00a0 Magdalena Ruiz, quien\u00a0ha sido se\u00f1alada por sus omisiones en asuntos tan delicados como el programa para el\u00a0\u00a0control de emisiones veh\u00edcular, as\u00ed como de la contaminaci\u00f3n del R\u00edo Santiago y la Laguna de Cajititl\u00e1n, entre muchos pendientes de su dependencia.<\/p>\n<p>En la Secretar\u00eda de Infraestructura y Obra P\u00fablica (SIOP) se entrega la cabeza de su titular Roberto D\u00e1valos L\u00f3pez en medio de un esc\u00e1ndalo \u00a0por la denuncia period\u00edstica de presuntos moches para obtener obra p\u00fablica, sin que existan denuncias o indiciados por tan graves acusaciones y como siempre el asunto pasar\u00e1 a ser parte del anecdotario de casos donde lo medi\u00e1tico hace el papel de la justicia y esta&#8230; sigue sin existir.<\/p>\n<p>En otro frente, en\u00a0\u00a0las instalaciones de la Fiscal\u00eda General, un individuo\u00a0que ya hab\u00eda anunciado a trav\u00e9s de escritos dirigidos al Secretario General de Gobierno, Roberto L\u00f3pez, su irritaci\u00f3n y amenazas por\u00a0su inconformidad ante la respuesta de la burocracia encargada del seguimiento de la procuraci\u00f3n de justicia, ingres\u00f3 armado y\u00a0dispar\u00f3 en contra de cuatro trabajadoras, una de las cuales falleci\u00f3 en el momento del atentado y \u00a0otra m\u00e1s tarde muri\u00f3 en el hospital.<\/p>\n<p>El fiscal general Eduardo Almaguer \u00a0anuncia la salida de Rafael Castellanos como fiscal central y otros ajustes m\u00e1s en su equipo de colaboradores. Sin embargo el modelo de Fiscal\u00eda no ha dado los frutos esperados al sustituir a la Procuradur\u00eda.<\/p>\n<p>Casos como estos dejan en claro la ausencia de funcionarios comprometidos con la sociedad y dar resultados a quien se deben, que es a la ciudadan\u00eda, mientras la corrupci\u00f3n, la inseguridad y la impunidad contin\u00faan ganando la batalla \u00bfY d\u00f3nde est\u00e1 el piloto?<\/p>\n<h3>Analista pol\u00edtico<\/h3>\n<h3>@aagsevilla<\/h3>\n","protected":false},"excerpt":{"rendered":"<p>CAVILANDO ANDO\/Alfonso Garc\u00eda Sevilla Historias que ocurren en Jalisco, pero que no son privativas del estado y que obligan a la reflexi\u00f3n acerca del entramaje burocr\u00e1tico, pero m\u00e1s acerca de la falta de perfiles id\u00f3neos necesarios para que las administraciones p\u00fablicas puedan funcionar y m\u00e1s all\u00e1, de gente capacitada que pueda implementar cambios orientados a &hellip; <\/p>\n<p><a class=\"more-link btn\" href=\"https:\/\/lamendigapolitica.com\/?p=41213\">Seguir leyendo<\/a><\/p>\n","protected":false},"author":1,"featured_media":0,"comment_status":"open","ping_status":"closed","sticky":false,"template":"","format":"standard","meta":{"footnotes":""},"categories":[1,6,30,28,20,31,5,3],"tags":[],"class_list":["post-41213","post","type-post","status-publish","format-standard","hentry","category-columnista","category-congreso","category-economia","category-educacion","category-gobierno","category-internacional","category-partidos","category-politica","item-wrap"],"_links":{"self":[{"href":"https:\/\/lamendigapolitica.com\/index.php?rest_route=\/wp\/v2\/posts\/41213","targetHints":{"allow":["GET"]}}],"collection":[{"href":"https:\/\/lamendigapolitica.com\/index.php?rest_route=\/wp\/v2\/posts"}],"about":[{"href":"https:\/\/lamendigapolitica.com\/index.php?rest_route=\/wp\/v2\/types\/post"}],"author":[{"embeddable":true,"href":"https:\/\/lamendigapolitica.com\/index.php?rest_route=\/wp\/v2\/users\/1"}],"replies":[{"embeddable":true,"href":"https:\/\/lamendigapolitica.com\/index.php?rest_route=%2Fwp%2Fv2%2Fcomments&post=41213"}],"version-history":[{"count":1,"href":"https:\/\/lamendigapolitica.com\/index.php?rest_route=\/wp\/v2\/posts\/41213\/revisions"}],"predecessor-version":[{"id":41216,"href":"https:\/\/lamendigapolitica.com\/index.php?rest_route=\/wp\/v2\/posts\/41213\/revisions\/41216"}],"wp:attachment":[{"href":"https:\/\/lamendigapolitica.com\/index.php?rest_route=%2Fwp%2Fv2%2Fmedia&parent=41213"}],"wp:term":[{"taxonomy":"category","embeddable":true,"href":"https:\/\/lamendigapolitica.com\/index.php?rest_route=%2Fwp%2Fv2%2Fcategories&post=41213"},{"taxonomy":"post_tag","embeddable":true,"href":"https:\/\/lamendigapolitica.com\/index.php?rest_route=%2Fwp%2Fv2%2Ftags&post=41213"}],"curies":[{"name":"wp","href":"https:\/\/api.w.org\/{rel}","templated":true}]}}