{"id":41205,"date":"2016-09-19T08:24:02","date_gmt":"2016-09-19T13:24:02","guid":{"rendered":"http:\/\/lamendigapolitica.com\/blog\/?p=41205"},"modified":"2016-09-19T08:24:02","modified_gmt":"2016-09-19T13:24:02","slug":"declaran-inexistente-el-acta-de-nacimiento-de-pena-nieto","status":"publish","type":"post","link":"https:\/\/lamendigapolitica.com\/?p=41205","title":{"rendered":"Declaran \u201cInexistente\u201d, el acta de nacimiento de Pe\u00f1a Nieto"},"content":{"rendered":"<p><a href=\"https:\/\/lamendigapolitica.com\/blog\/blog\/wp-content\/uploads\/2016\/09\/presi.jpg\" rel=\"attachment wp-att-41206\"><img loading=\"lazy\" decoding=\"async\" class=\"aligncenter  wp-image-41206\" src=\"https:\/\/lamendigapolitica.com\/blog\/blog\/wp-content\/uploads\/2016\/09\/presi.jpg\" alt=\"presi\" width=\"340\" height=\"218\" \/><\/a><\/p>\n<p>&nbsp;<\/p>\n<p>El acta de nacimiento del Presidente Enrique Pe\u00f1a Nieto en Los Pinos, es \u201cinexistente\u201d por lo que no est\u00e1 a disposici\u00f3n de sus gobernados que lo elgieron para esa encomienda, de hecho ni siquiera la Direcci\u00f3n de Recursos Humanos a cargo de Alfonso Brie\u00f1o S\u00e1nchez, con un sueldo bruto de 171 mil 901 pesos con 35 centavos, cuenta con copia del acta del Primer Mandatario, de acuerdo con la negativa a la solicitud de informaci\u00f3n marcada con el folio 0210000008214, mediante el Instituto Nacional de Acceso a la Informaci\u00f3n y Protecci\u00f3n de Datos Personales (INAI), publica hoy SinEmbargo.<\/p>\n<p>&nbsp;<\/p>\n<p>El portal de noticias capitalino referido se\u00f1ala que la solicitud la hizo un ciudadano a la Oficina de la Presidencia en 2014, el segundo a\u00f1o de mandato de Pe\u00f1a Nieto. La petici\u00f3n lleg\u00f3 a la Jefatura de la Oficina de la Presidencia que en ese momento ocupaba Aurelio Nu\u00f1o Mayer, la Secretar\u00eda Particular del Presidente, a cargo de Erwin Manuel Lino Z\u00e1rate; la Coordinaci\u00f3n de Comunicaci\u00f3n Social en cuyo frente estaba David L\u00f3pez; la Coordinaci\u00f3n de Asesores del Presidente, donde estaba Francisco Guzm\u00e1n Ortiz, as\u00ed como la Direcci\u00f3n de Recursos Humanos. Todas las instancias respondieron que realizaron una b\u00fasqueda exhaustiva, pero no encontraron el acta de nacimiento de Enrique Pe\u00f1a Nieto, Presidente constitucional desde el 1 de diciembre de 2012.<\/p>\n<p>&nbsp;<\/p>\n<p>La Jefatura de la Presidencia de la Rep\u00fablica le propuso al pleno del INAI declarar \u201cinexistente\u201d la copia del acta de nacimiento de Pe\u00f1a Nieto, lo cual fue avalado por el pleno del instituto. De modo que ese documento tiene desde 2014 tal categor\u00eda, lo que permite que la Presidencia la niegue en caso de cualquier ciudadano la solicite. Para no brindar datos, las unidades de la Funci\u00f3n P\u00fablica se apegan a tres criterios: la informaci\u00f3n est\u00e1 reservada, es confidencial o es inexistente. Del Presidente Enrique Pe\u00f1a Nieto se ha declarado como \u201cinexistente\u201d, adem\u00e1s del acta de nacimiento, el curr\u00edculum escolar.<\/p>\n<p>&nbsp;<\/p>\n<p>Otra informaci\u00f3n negada por la Presidencia de la Rep\u00fablica relacionada con la persona de Enrique Pe\u00f1a Nieto es el contrato con el fot\u00f3grafo que le hizo el retrato oficial, la direcci\u00f3n de su correo electr\u00f3nico, las facturas que respaldan sus viajes, as\u00ed como el listado de personas que lo han acompa\u00f1ado; la c\u00e9dula profesional que acredite ante la Secretar\u00eda de Educaci\u00f3n P\u00fablica el grado de Maestr\u00eda, y la ubicaci\u00f3n y el valor de las cuatro casas reportadas en su declaraci\u00f3n patrimonial.<\/p>\n","protected":false},"excerpt":{"rendered":"<p>&nbsp; El acta de nacimiento del Presidente Enrique Pe\u00f1a Nieto en Los Pinos, es \u201cinexistente\u201d por lo que no est\u00e1 a disposici\u00f3n de sus gobernados que lo elgieron para esa encomienda, de hecho ni siquiera la Direcci\u00f3n de Recursos Humanos a cargo de Alfonso Brie\u00f1o S\u00e1nchez, con un sueldo bruto de 171 mil 901 pesos &hellip; <\/p>\n<p><a class=\"more-link btn\" href=\"https:\/\/lamendigapolitica.com\/?p=41205\">Seguir leyendo<\/a><\/p>\n","protected":false},"author":1,"featured_media":0,"comment_status":"open","ping_status":"closed","sticky":false,"template":"","format":"standard","meta":{"footnotes":""},"categories":[6,20,5,3],"tags":[],"class_list":["post-41205","post","type-post","status-publish","format-standard","hentry","category-congreso","category-gobierno","category-partidos","category-politica","item-wrap"],"_links":{"self":[{"href":"https:\/\/lamendigapolitica.com\/index.php?rest_route=\/wp\/v2\/posts\/41205","targetHints":{"allow":["GET"]}}],"collection":[{"href":"https:\/\/lamendigapolitica.com\/index.php?rest_route=\/wp\/v2\/posts"}],"about":[{"href":"https:\/\/lamendigapolitica.com\/index.php?rest_route=\/wp\/v2\/types\/post"}],"author":[{"embeddable":true,"href":"https:\/\/lamendigapolitica.com\/index.php?rest_route=\/wp\/v2\/users\/1"}],"replies":[{"embeddable":true,"href":"https:\/\/lamendigapolitica.com\/index.php?rest_route=%2Fwp%2Fv2%2Fcomments&post=41205"}],"version-history":[{"count":1,"href":"https:\/\/lamendigapolitica.com\/index.php?rest_route=\/wp\/v2\/posts\/41205\/revisions"}],"predecessor-version":[{"id":41207,"href":"https:\/\/lamendigapolitica.com\/index.php?rest_route=\/wp\/v2\/posts\/41205\/revisions\/41207"}],"wp:attachment":[{"href":"https:\/\/lamendigapolitica.com\/index.php?rest_route=%2Fwp%2Fv2%2Fmedia&parent=41205"}],"wp:term":[{"taxonomy":"category","embeddable":true,"href":"https:\/\/lamendigapolitica.com\/index.php?rest_route=%2Fwp%2Fv2%2Fcategories&post=41205"},{"taxonomy":"post_tag","embeddable":true,"href":"https:\/\/lamendigapolitica.com\/index.php?rest_route=%2Fwp%2Fv2%2Ftags&post=41205"}],"curies":[{"name":"wp","href":"https:\/\/api.w.org\/{rel}","templated":true}]}}