{"id":41202,"date":"2016-09-19T08:13:05","date_gmt":"2016-09-19T13:13:05","guid":{"rendered":"http:\/\/lamendigapolitica.com\/blog\/?p=41202"},"modified":"2016-09-19T08:13:05","modified_gmt":"2016-09-19T13:13:05","slug":"disidentes-vuelven-a-las-aulas","status":"publish","type":"post","link":"https:\/\/lamendigapolitica.com\/?p=41202","title":{"rendered":"Disidentes vuelven a las aulas"},"content":{"rendered":"<p><a href=\"https:\/\/lamendigapolitica.com\/blog\/blog\/wp-content\/uploads\/2016\/09\/maestros-2.jpg\" rel=\"attachment wp-att-41203\"><img loading=\"lazy\" decoding=\"async\" class=\"aligncenter  wp-image-41203\" src=\"https:\/\/lamendigapolitica.com\/blog\/blog\/wp-content\/uploads\/2016\/09\/maestros-2.jpg\" alt=\"maestros\" width=\"392\" height=\"238\" \/><\/a><\/p>\n<p>&nbsp;<\/p>\n<p>Luego de 127 d\u00edas de paro, este lunes regresan a clases los maestros chiapanecos simpatizantes de la Coordinadora Nacional de Trabajadores de la Educaci\u00f3n (CNTE), pero lo hacen en franca fractura, pues mientras los integrantes de la Secci\u00f3n 7 aprobaron la reanudaci\u00f3n de actividades, los de la Secci\u00f3n 40 mostraron su desacuerdo ante esa decisi\u00f3n, publica 24 Horas.<\/p>\n<p>&nbsp;<\/p>\n<p>La determinaci\u00f3n se tom\u00f3 en asamblea estatal la tarde del 15 de septiembre, horas despu\u00e9s de que integrantes de la Secci\u00f3n 40 desconocieran los resultados de una primera consulta de las bases, bajo el argumento de que los l\u00edderes hab\u00edan traicionado el movimiento luego de que supuestamente acordaran con el Gobierno federal una salida pol\u00edtica al conflicto, que incluir\u00eda no aplicar la reforma educativa en Chiapas en lo que resta del sexenio.<\/p>\n<p>&nbsp;<\/p>\n<p>As\u00ed, con 275 votos a favor y 188 en contra, se determin\u00f3 que este lunes las cerca de tres mil 800 escuelas que segu\u00edan sin iniciar el ciclo escolar 2016-2017 (al corte del 15 de septiembre) abrieran sus aulas hoy. A pesar de perder la votaci\u00f3n, la Secci\u00f3n 40 advirti\u00f3 que en caso de que no se cumplan los acuerdos (que incluye la suspensi\u00f3n de la reforma educativa en Chiapas) que supuestamente acept\u00f3 el exsecretario de Gobierno de la Secretar\u00eda de Gobernaci\u00f3n y hoy secretario de Desarrollo Social, Enrique Miranda Nava, volver\u00e1n al paro.<\/p>\n<p>&nbsp;<\/p>\n<p>Entre los puntos que supuestamente acord\u00f3 Miranda est\u00e1 el pago a profesores comisionados de la CNTE, la suspensi\u00f3n de las evaluaciones magisteriales, reconocimiento de los ascensos otorgados por la Coordinadora y becas para los normalistas que no aprueben el examen de ingreso.<\/p>\n<p>\u201cAs\u00ed lo hemos acordado: nos replegamos con ese acuerdo entre las bases, en el momento que no intenten incumplir, en ese momento volvemos\u201d, afirm\u00f3 Jos\u00e9 Luis Escobar, vocero de la CNTE en Chiapas<\/p>\n","protected":false},"excerpt":{"rendered":"<p>&nbsp; Luego de 127 d\u00edas de paro, este lunes regresan a clases los maestros chiapanecos simpatizantes de la Coordinadora Nacional de Trabajadores de la Educaci\u00f3n (CNTE), pero lo hacen en franca fractura, pues mientras los integrantes de la Secci\u00f3n 7 aprobaron la reanudaci\u00f3n de actividades, los de la Secci\u00f3n 40 mostraron su desacuerdo ante esa &hellip; <\/p>\n<p><a class=\"more-link btn\" href=\"https:\/\/lamendigapolitica.com\/?p=41202\">Seguir leyendo<\/a><\/p>\n","protected":false},"author":1,"featured_media":0,"comment_status":"open","ping_status":"closed","sticky":false,"template":"","format":"standard","meta":{"footnotes":""},"categories":[6,28,20,5,3],"tags":[],"class_list":["post-41202","post","type-post","status-publish","format-standard","hentry","category-congreso","category-educacion","category-gobierno","category-partidos","category-politica","item-wrap"],"_links":{"self":[{"href":"https:\/\/lamendigapolitica.com\/index.php?rest_route=\/wp\/v2\/posts\/41202","targetHints":{"allow":["GET"]}}],"collection":[{"href":"https:\/\/lamendigapolitica.com\/index.php?rest_route=\/wp\/v2\/posts"}],"about":[{"href":"https:\/\/lamendigapolitica.com\/index.php?rest_route=\/wp\/v2\/types\/post"}],"author":[{"embeddable":true,"href":"https:\/\/lamendigapolitica.com\/index.php?rest_route=\/wp\/v2\/users\/1"}],"replies":[{"embeddable":true,"href":"https:\/\/lamendigapolitica.com\/index.php?rest_route=%2Fwp%2Fv2%2Fcomments&post=41202"}],"version-history":[{"count":1,"href":"https:\/\/lamendigapolitica.com\/index.php?rest_route=\/wp\/v2\/posts\/41202\/revisions"}],"predecessor-version":[{"id":41204,"href":"https:\/\/lamendigapolitica.com\/index.php?rest_route=\/wp\/v2\/posts\/41202\/revisions\/41204"}],"wp:attachment":[{"href":"https:\/\/lamendigapolitica.com\/index.php?rest_route=%2Fwp%2Fv2%2Fmedia&parent=41202"}],"wp:term":[{"taxonomy":"category","embeddable":true,"href":"https:\/\/lamendigapolitica.com\/index.php?rest_route=%2Fwp%2Fv2%2Fcategories&post=41202"},{"taxonomy":"post_tag","embeddable":true,"href":"https:\/\/lamendigapolitica.com\/index.php?rest_route=%2Fwp%2Fv2%2Ftags&post=41202"}],"curies":[{"name":"wp","href":"https:\/\/api.w.org\/{rel}","templated":true}]}}