{"id":41196,"date":"2016-09-19T08:09:27","date_gmt":"2016-09-19T13:09:27","guid":{"rendered":"http:\/\/lamendigapolitica.com\/blog\/?p=41196"},"modified":"2016-09-19T08:09:27","modified_gmt":"2016-09-19T13:09:27","slug":"mancera-niega-rivalidad-politica-con-aureoles","status":"publish","type":"post","link":"https:\/\/lamendigapolitica.com\/?p=41196","title":{"rendered":"Mancera niega rivalidad pol\u00edtica con Aureoles"},"content":{"rendered":"<p><a href=\"https:\/\/lamendigapolitica.com\/blog\/blog\/wp-content\/uploads\/2016\/09\/mancera-1.jpg\" rel=\"attachment wp-att-41197\"><img loading=\"lazy\" decoding=\"async\" class=\"aligncenter  wp-image-41197\" src=\"https:\/\/lamendigapolitica.com\/blog\/blog\/wp-content\/uploads\/2016\/09\/mancera-1.jpg\" alt=\"mancera\" width=\"415\" height=\"201\" srcset=\"https:\/\/lamendigapolitica.com\/wp-content\/uploads\/2016\/09\/mancera-1.jpg 322w, https:\/\/lamendigapolitica.com\/wp-content\/uploads\/2016\/09\/mancera-1-300x145.jpg 300w\" sizes=\"auto, (max-width: 415px) 100vw, 415px\" \/><\/a><\/p>\n<p>&nbsp;<\/p>\n<p>El jefe de Gobierno de la Ciudad de M\u00e9xico, Miguel \u00c1ngel Mancera, rechaz\u00f3 rivalidad pol\u00edtica con Silvano Aureoles rumbo a la elecci\u00f3n presidencial del 2018. \u201cNo hay que apresurarse\u201d, dijo al ser entrevistado en Palacio de Gobierno donde asisti\u00f3 al Primer Informe del mandatario michoacano, m\u00e1s que en candidatos, para que el Partido de la Revoluci\u00f3n Democr\u00e1tica (PRD) pueda destacar en la elecci\u00f3n para presidente, debe de trabajar en un proyecto al que puedan sumarse fuerzas pol\u00edticas como el Partido del Trabajo y Movimiento Ciudadano, as\u00ed como candidatos independientes e intelectuales.<\/p>\n<p>&nbsp;<\/p>\n<p>Mancera rechaz\u00f3 que esto quiera decir que \u00e9l tenga que ser el candidato que abandere al partido del sol azteca pero se\u00f1al\u00f3 que en caso de serlo lo har\u00eda en calidad de un pol\u00edtico sin afiliaci\u00f3n partidista y m\u00e1s como un candidato ciudadano. No quiero arrogarme y decir que yo deba ser el candidato, yo lo que digo es que si no hay un proyecto que convoque a todas las fuerzas progresistas, a la sociedad, a quienes han estado trabajando por M\u00e9xico, dif\u00edcilmente se podr\u00e1 lograr un cambio real\u201d, puntualiz\u00f3.<\/p>\n<p>&nbsp;<\/p>\n<p>Asimismo, rechazo vivir alg\u00fan tipo de conflicto con el gobernador del estado, Silvano Aureoles quien ha externado la necesidad de que se afilie al PRD para poder acceder a la candidatura presidencial. Mancera se\u00f1al\u00f3 que muestra de que no hay rencores es la asistencia del michoacano en su informe el pasado s\u00e1bado y de \u00e9l en el de Silvano este domingo. Cada que nos vemos nos saludamos, nos abrazamos con mucho cari\u00f1o\u201d, puntualiz\u00f3.<\/p>\n","protected":false},"excerpt":{"rendered":"<p>&nbsp; El jefe de Gobierno de la Ciudad de M\u00e9xico, Miguel \u00c1ngel Mancera, rechaz\u00f3 rivalidad pol\u00edtica con Silvano Aureoles rumbo a la elecci\u00f3n presidencial del 2018. \u201cNo hay que apresurarse\u201d, dijo al ser entrevistado en Palacio de Gobierno donde asisti\u00f3 al Primer Informe del mandatario michoacano, m\u00e1s que en candidatos, para que el Partido de &hellip; <\/p>\n<p><a class=\"more-link btn\" href=\"https:\/\/lamendigapolitica.com\/?p=41196\">Seguir leyendo<\/a><\/p>\n","protected":false},"author":1,"featured_media":0,"comment_status":"open","ping_status":"closed","sticky":false,"template":"","format":"standard","meta":{"footnotes":""},"categories":[6,20,5,3],"tags":[],"class_list":["post-41196","post","type-post","status-publish","format-standard","hentry","category-congreso","category-gobierno","category-partidos","category-politica","item-wrap"],"_links":{"self":[{"href":"https:\/\/lamendigapolitica.com\/index.php?rest_route=\/wp\/v2\/posts\/41196","targetHints":{"allow":["GET"]}}],"collection":[{"href":"https:\/\/lamendigapolitica.com\/index.php?rest_route=\/wp\/v2\/posts"}],"about":[{"href":"https:\/\/lamendigapolitica.com\/index.php?rest_route=\/wp\/v2\/types\/post"}],"author":[{"embeddable":true,"href":"https:\/\/lamendigapolitica.com\/index.php?rest_route=\/wp\/v2\/users\/1"}],"replies":[{"embeddable":true,"href":"https:\/\/lamendigapolitica.com\/index.php?rest_route=%2Fwp%2Fv2%2Fcomments&post=41196"}],"version-history":[{"count":1,"href":"https:\/\/lamendigapolitica.com\/index.php?rest_route=\/wp\/v2\/posts\/41196\/revisions"}],"predecessor-version":[{"id":41198,"href":"https:\/\/lamendigapolitica.com\/index.php?rest_route=\/wp\/v2\/posts\/41196\/revisions\/41198"}],"wp:attachment":[{"href":"https:\/\/lamendigapolitica.com\/index.php?rest_route=%2Fwp%2Fv2%2Fmedia&parent=41196"}],"wp:term":[{"taxonomy":"category","embeddable":true,"href":"https:\/\/lamendigapolitica.com\/index.php?rest_route=%2Fwp%2Fv2%2Fcategories&post=41196"},{"taxonomy":"post_tag","embeddable":true,"href":"https:\/\/lamendigapolitica.com\/index.php?rest_route=%2Fwp%2Fv2%2Ftags&post=41196"}],"curies":[{"name":"wp","href":"https:\/\/api.w.org\/{rel}","templated":true}]}}