{"id":41187,"date":"2016-09-18T20:41:42","date_gmt":"2016-09-19T01:41:42","guid":{"rendered":"http:\/\/lamendigapolitica.com\/blog\/?p=41187"},"modified":"2016-09-18T20:42:32","modified_gmt":"2016-09-19T01:42:32","slug":"juegos-se-despiden-de-rio-de-janeiro","status":"publish","type":"post","link":"https:\/\/lamendigapolitica.com\/?p=41187","title":{"rendered":"Juegos se despiden de R\u00edo de Janeiro"},"content":{"rendered":"<p><a href=\"https:\/\/lamendigapolitica.com\/blog\/blog\/wp-content\/uploads\/2016\/09\/cierre.jpg\" rel=\"attachment wp-att-41188\"><img loading=\"lazy\" decoding=\"async\" class=\"aligncenter wp-image-41188\" src=\"https:\/\/lamendigapolitica.com\/blog\/blog\/wp-content\/uploads\/2016\/09\/cierre.jpg\" alt=\"cierre\" width=\"400\" height=\"224\" \/><\/a><\/p>\n<p>&nbsp;<\/p>\n<p>Luego que el tenor invidente brasile\u00f1o Saulo Laucas interpret\u00f3 el himno nacional de su pa\u00eds ante un plet\u00f3rico estadio Maracan\u00e1, comenz\u00f3 el paso de las 176 banderas de las delegaciones asistentes a los Juegos Paral\u00edmpicos R\u00edo 2016.<\/p>\n<p>&nbsp;<\/p>\n<p>Argentina fue la primera en salir al escenario para despedirse de la ciudad que alberg\u00f3 la justa por 11 d\u00edas, en los que se vivieron una serie de historias que cada uno de los atletas del mundo brindaron con sus actuaciones y que pasar\u00e1n a la historia de los Paral\u00edmpicos. China se alz\u00f3 con el sitio de honor del medallero con 239 preseas, seguida de Gran Breta\u00f1a con 147 y de Ucrania con 117.<\/p>\n<p>&nbsp;<\/p>\n<p>En punto de las 18:00 horas, dio inicio la ceremonia de clausura de los\u00a0 Juegos Paral\u00edmpicos de R\u00edo 2016 con el desfile de naciones participantes en\u00a0 la justa. Al arranque de este acto Armandinho entr\u00f3 a la escena con toda la buena vibra. Seguido del incre\u00edble solo de guitarra el\u00e9ctrica con los pies de Johnatha Bastos. El himno de Brasil fue interpretado por Saulo Laucas. Despu\u00e9s se da paso a que entren los atletas los abanderados de cada pa\u00eds, es de se\u00f1alar que un total de 160 atletas abanderados desfilan por el Maracan\u00e1.<\/p>\n<p>&nbsp;<\/p>\n<p>R\u00edo de Janeiro despide hoy la participaci\u00f3n de 4 mil 350 atletas paral\u00edmpicos, de 176 pa\u00edses; luego de que el 7 de septiembre encendi\u00f3 el pebetero el nadador brasile\u00f1o Codoaldo Silva. Marat\u00f3n masculino y femenino, Rugby en silla de ruedas y Voleibol sentado; fueron las \u00faltimas disciplinas de estos juegos en donde dos mexicanos compitieron sin obtener una medalla.<\/p>\n","protected":false},"excerpt":{"rendered":"<p>&nbsp; Luego que el tenor invidente brasile\u00f1o Saulo Laucas interpret\u00f3 el himno nacional de su pa\u00eds ante un plet\u00f3rico estadio Maracan\u00e1, comenz\u00f3 el paso de las 176 banderas de las delegaciones asistentes a los Juegos Paral\u00edmpicos R\u00edo 2016. &nbsp; Argentina fue la primera en salir al escenario para despedirse de la ciudad que alberg\u00f3 la &hellip; <\/p>\n<p><a class=\"more-link btn\" href=\"https:\/\/lamendigapolitica.com\/?p=41187\">Seguir leyendo<\/a><\/p>\n","protected":false},"author":1,"featured_media":0,"comment_status":"open","ping_status":"closed","sticky":false,"template":"","format":"standard","meta":{"footnotes":""},"categories":[23,20,31],"tags":[],"class_list":["post-41187","post","type-post","status-publish","format-standard","hentry","category-deportes","category-gobierno","category-internacional","item-wrap"],"_links":{"self":[{"href":"https:\/\/lamendigapolitica.com\/index.php?rest_route=\/wp\/v2\/posts\/41187","targetHints":{"allow":["GET"]}}],"collection":[{"href":"https:\/\/lamendigapolitica.com\/index.php?rest_route=\/wp\/v2\/posts"}],"about":[{"href":"https:\/\/lamendigapolitica.com\/index.php?rest_route=\/wp\/v2\/types\/post"}],"author":[{"embeddable":true,"href":"https:\/\/lamendigapolitica.com\/index.php?rest_route=\/wp\/v2\/users\/1"}],"replies":[{"embeddable":true,"href":"https:\/\/lamendigapolitica.com\/index.php?rest_route=%2Fwp%2Fv2%2Fcomments&post=41187"}],"version-history":[{"count":1,"href":"https:\/\/lamendigapolitica.com\/index.php?rest_route=\/wp\/v2\/posts\/41187\/revisions"}],"predecessor-version":[{"id":41189,"href":"https:\/\/lamendigapolitica.com\/index.php?rest_route=\/wp\/v2\/posts\/41187\/revisions\/41189"}],"wp:attachment":[{"href":"https:\/\/lamendigapolitica.com\/index.php?rest_route=%2Fwp%2Fv2%2Fmedia&parent=41187"}],"wp:term":[{"taxonomy":"category","embeddable":true,"href":"https:\/\/lamendigapolitica.com\/index.php?rest_route=%2Fwp%2Fv2%2Fcategories&post=41187"},{"taxonomy":"post_tag","embeddable":true,"href":"https:\/\/lamendigapolitica.com\/index.php?rest_route=%2Fwp%2Fv2%2Ftags&post=41187"}],"curies":[{"name":"wp","href":"https:\/\/api.w.org\/{rel}","templated":true}]}}