{"id":41184,"date":"2016-09-18T20:38:52","date_gmt":"2016-09-19T01:38:52","guid":{"rendered":"http:\/\/lamendigapolitica.com\/blog\/?p=41184"},"modified":"2016-09-18T20:38:52","modified_gmt":"2016-09-19T01:38:52","slug":"artico-sufre-segundo-mayor-deshielo-desde-2007","status":"publish","type":"post","link":"https:\/\/lamendigapolitica.com\/?p=41184","title":{"rendered":"\u00c1rtico sufre segundo mayor deshielo desde 2007"},"content":{"rendered":"<p><a href=\"https:\/\/lamendigapolitica.com\/blog\/blog\/wp-content\/uploads\/2016\/09\/deshielo.jpg\" rel=\"attachment wp-att-41185\"><img loading=\"lazy\" decoding=\"async\" class=\"aligncenter  wp-image-41185\" src=\"https:\/\/lamendigapolitica.com\/blog\/blog\/wp-content\/uploads\/2016\/09\/deshielo.jpg\" alt=\"deshielo\" width=\"394\" height=\"215\" srcset=\"https:\/\/lamendigapolitica.com\/wp-content\/uploads\/2016\/09\/deshielo.jpg 304w, https:\/\/lamendigapolitica.com\/wp-content\/uploads\/2016\/09\/deshielo-300x164.jpg 300w\" sizes=\"auto, (max-width: 394px) 100vw, 394px\" \/><\/a><\/p>\n<p>&nbsp;<\/p>\n<p>Por segunda ocasi\u00f3n el hielo marino del \u00c1rtico registr\u00f3 una de sus mayores descongelamientos, al alcanzar su punto m\u00e1s bajo el pasado 10 de septiembre y llegar a una superficie de apenas 4.14 millones de kil\u00f3metros cuadrados. De acuerdo con informaci\u00f3n publicada en el portal de Cambio Clim\u00e1tico Global de la Administraci\u00f3n Nacional de la Aeron\u00e1utica y del Espacio, (NASA por sus siglas en ingl\u00e9s), esa cifra se convierte en la segunda cobertura m\u00ednima de hielo que presenta el \u00c1rtico desde la registrada por v\u00eda sat\u00e9lite en 2007.<\/p>\n<p>&nbsp;<\/p>\n<p>De acuerdo con el an\u00e1lisis realizado en colaboraci\u00f3n con el Centro Nacional de Datos de Nieve y Hielo de la Universidad de Colorado (NSIDC por sus siglas en ingl\u00e9s) este verano, la masa fundida de hielo marino del \u00c1rtico sorprendi\u00f3 a los cient\u00edficos ya que cambi\u00f3 de ritmo varias veces. El centro de investigaci\u00f3n destac\u00f3 la importancia de este hecho ya que la cubierta del hielo marino del Oc\u00e9ano \u00c1rtico y los mares que le rodean ayudan a regular la temperatura del planeta e influye en la circulaci\u00f3n de la atm\u00f3sfera y el oc\u00e9ano.<\/p>\n<p>&nbsp;<\/p>\n<p>El hielo del \u00c1rtico se reduce cada a\u00f1o durante la primavera y el verano hasta que alcanza su punto m\u00ednimo anual y vuelve a crecer durante los meses de oto\u00f1o e invierno, cuando el Sol est\u00e1 por debajo del horizonte en el \u00c1rtico. En particular, los investigadores detectaron este a\u00f1o que la temporada de deshielo comenz\u00f3 con un grado m\u00ednimo hist\u00f3rico anual m\u00e1ximo en marzo y una r\u00e1pida p\u00e9rdida de hielo a trav\u00e9s de mayo. Sin embargo, en junio y julio, las bajas presiones atmosf\u00e9ricas y cielo nublado ralentizaron la masa fundida, pero luego de dos grandes tormentas que pasaron a trav\u00e9s de la cuenca del \u00c1rtico en agosto, el derretimiento del hielo del mar se aceler\u00f3 hasta principios de septiembre.<\/p>\n<p>&nbsp;<\/p>\n<p>De esta manera se hizo m\u00e1s que notable que la extensi\u00f3n de hielo sobre el mar \u00c1rtico alcanz\u00f3 su segunda baja hist\u00f3rica, advirti\u00f3 el investigador Walt Meier, quien colabora con el Centro de Vuelo Espacial Goddard de la NASA. En efecto, explic\u00f3 que junio y junio son meses clave para la fusi\u00f3n del hielo ya que es cuando se tiene 24 horas de luz solar, sin embargo esos meses presentaron una nubosidad que propiciaron la p\u00e9rdida de impulso para el deshielo.<\/p>\n","protected":false},"excerpt":{"rendered":"<p>&nbsp; Por segunda ocasi\u00f3n el hielo marino del \u00c1rtico registr\u00f3 una de sus mayores descongelamientos, al alcanzar su punto m\u00e1s bajo el pasado 10 de septiembre y llegar a una superficie de apenas 4.14 millones de kil\u00f3metros cuadrados. De acuerdo con informaci\u00f3n publicada en el portal de Cambio Clim\u00e1tico Global de la Administraci\u00f3n Nacional de &hellip; <\/p>\n<p><a class=\"more-link btn\" href=\"https:\/\/lamendigapolitica.com\/?p=41184\">Seguir leyendo<\/a><\/p>\n","protected":false},"author":1,"featured_media":0,"comment_status":"open","ping_status":"closed","sticky":false,"template":"","format":"standard","meta":{"footnotes":""},"categories":[20,31,22],"tags":[],"class_list":["post-41184","post","type-post","status-publish","format-standard","hentry","category-gobierno","category-internacional","category-sociales","item-wrap"],"_links":{"self":[{"href":"https:\/\/lamendigapolitica.com\/index.php?rest_route=\/wp\/v2\/posts\/41184","targetHints":{"allow":["GET"]}}],"collection":[{"href":"https:\/\/lamendigapolitica.com\/index.php?rest_route=\/wp\/v2\/posts"}],"about":[{"href":"https:\/\/lamendigapolitica.com\/index.php?rest_route=\/wp\/v2\/types\/post"}],"author":[{"embeddable":true,"href":"https:\/\/lamendigapolitica.com\/index.php?rest_route=\/wp\/v2\/users\/1"}],"replies":[{"embeddable":true,"href":"https:\/\/lamendigapolitica.com\/index.php?rest_route=%2Fwp%2Fv2%2Fcomments&post=41184"}],"version-history":[{"count":1,"href":"https:\/\/lamendigapolitica.com\/index.php?rest_route=\/wp\/v2\/posts\/41184\/revisions"}],"predecessor-version":[{"id":41186,"href":"https:\/\/lamendigapolitica.com\/index.php?rest_route=\/wp\/v2\/posts\/41184\/revisions\/41186"}],"wp:attachment":[{"href":"https:\/\/lamendigapolitica.com\/index.php?rest_route=%2Fwp%2Fv2%2Fmedia&parent=41184"}],"wp:term":[{"taxonomy":"category","embeddable":true,"href":"https:\/\/lamendigapolitica.com\/index.php?rest_route=%2Fwp%2Fv2%2Fcategories&post=41184"},{"taxonomy":"post_tag","embeddable":true,"href":"https:\/\/lamendigapolitica.com\/index.php?rest_route=%2Fwp%2Fv2%2Ftags&post=41184"}],"curies":[{"name":"wp","href":"https:\/\/api.w.org\/{rel}","templated":true}]}}