{"id":41181,"date":"2016-09-18T20:36:14","date_gmt":"2016-09-19T01:36:14","guid":{"rendered":"http:\/\/lamendigapolitica.com\/blog\/?p=41181"},"modified":"2016-09-18T20:36:34","modified_gmt":"2016-09-19T01:36:34","slug":"daran-a-pena-nieto-premio-estadista-en-ny","status":"publish","type":"post","link":"https:\/\/lamendigapolitica.com\/?p=41181","title":{"rendered":"Dar\u00e1n a Pe\u00f1a Nieto Premio Estadista en NY"},"content":{"rendered":"<p><a href=\"https:\/\/lamendigapolitica.com\/blog\/blog\/wp-content\/uploads\/2016\/09\/pea-1.jpg\" rel=\"attachment wp-att-41182\"><img loading=\"lazy\" decoding=\"async\" class=\"aligncenter wp-image-41182\" src=\"https:\/\/lamendigapolitica.com\/blog\/blog\/wp-content\/uploads\/2016\/09\/pea-1.jpg\" alt=\"pea\" width=\"342\" height=\"297\" \/><\/a><\/p>\n<p>&nbsp;<\/p>\n<p>Este lunes por la noche en Nueva York, el presidente Enrique Pe\u00f1a Nieto participa en el Foro Mundial de Liderazgo 2016, en el cual recibir\u00e1 el Premio al Estadista (Statesman Award), que otorga la Asociaci\u00f3n de Pol\u00edtica Exterior (Foreign Policy Association) a los jefes de Estado y de Gobierno que se distinguen por el impulso de pol\u00edticas p\u00fablicas responsables a nivel internacional en diversos temas, informa hoy excelsior.<\/p>\n<p>&nbsp;<\/p>\n<p>De manera particular, por su contribuci\u00f3n a la integraci\u00f3n de Am\u00e9rica del Norte junto a Estados Unidos y Canad\u00e1. En la reuni\u00f3n que se llevar\u00e1 a cabo en el Hotel St. Regis de Manhattan estar\u00e1 presente el gobernador de Nueva York Andrew Mark Cuomo, as\u00ed como el Presidente de la FPA, Noel Lateef as\u00ed como diversas autoridades y empresarios.<\/p>\n<p>&nbsp;<\/p>\n<p>El mandatario mexicano estar\u00e1 acompa\u00f1ado de los secretarios de Relaciones Exteriores, Claudia Ru\u00edz Massieu y de Hacienda y Cr\u00e9dito P\u00fablico, Jos\u00e9 Antonio Meade. Adem\u00e1s, le acompa\u00f1an el diputado federal del PRI, David L\u00f3pez Guti\u00e9rrez, y el embajador de M\u00e9xico en Estados Unidos, Carlos Manuel Sada Solana.<\/p>\n","protected":false},"excerpt":{"rendered":"<p>&nbsp; Este lunes por la noche en Nueva York, el presidente Enrique Pe\u00f1a Nieto participa en el Foro Mundial de Liderazgo 2016, en el cual recibir\u00e1 el Premio al Estadista (Statesman Award), que otorga la Asociaci\u00f3n de Pol\u00edtica Exterior (Foreign Policy Association) a los jefes de Estado y de Gobierno que se distinguen por el &hellip; <\/p>\n<p><a class=\"more-link btn\" href=\"https:\/\/lamendigapolitica.com\/?p=41181\">Seguir leyendo<\/a><\/p>\n","protected":false},"author":1,"featured_media":0,"comment_status":"open","ping_status":"closed","sticky":false,"template":"","format":"standard","meta":{"footnotes":""},"categories":[6,20,5,3],"tags":[],"class_list":["post-41181","post","type-post","status-publish","format-standard","hentry","category-congreso","category-gobierno","category-partidos","category-politica","item-wrap"],"_links":{"self":[{"href":"https:\/\/lamendigapolitica.com\/index.php?rest_route=\/wp\/v2\/posts\/41181","targetHints":{"allow":["GET"]}}],"collection":[{"href":"https:\/\/lamendigapolitica.com\/index.php?rest_route=\/wp\/v2\/posts"}],"about":[{"href":"https:\/\/lamendigapolitica.com\/index.php?rest_route=\/wp\/v2\/types\/post"}],"author":[{"embeddable":true,"href":"https:\/\/lamendigapolitica.com\/index.php?rest_route=\/wp\/v2\/users\/1"}],"replies":[{"embeddable":true,"href":"https:\/\/lamendigapolitica.com\/index.php?rest_route=%2Fwp%2Fv2%2Fcomments&post=41181"}],"version-history":[{"count":1,"href":"https:\/\/lamendigapolitica.com\/index.php?rest_route=\/wp\/v2\/posts\/41181\/revisions"}],"predecessor-version":[{"id":41183,"href":"https:\/\/lamendigapolitica.com\/index.php?rest_route=\/wp\/v2\/posts\/41181\/revisions\/41183"}],"wp:attachment":[{"href":"https:\/\/lamendigapolitica.com\/index.php?rest_route=%2Fwp%2Fv2%2Fmedia&parent=41181"}],"wp:term":[{"taxonomy":"category","embeddable":true,"href":"https:\/\/lamendigapolitica.com\/index.php?rest_route=%2Fwp%2Fv2%2Fcategories&post=41181"},{"taxonomy":"post_tag","embeddable":true,"href":"https:\/\/lamendigapolitica.com\/index.php?rest_route=%2Fwp%2Fv2%2Ftags&post=41181"}],"curies":[{"name":"wp","href":"https:\/\/api.w.org\/{rel}","templated":true}]}}