{"id":41178,"date":"2016-09-18T11:52:57","date_gmt":"2016-09-18T16:52:57","guid":{"rendered":"http:\/\/lamendigapolitica.com\/blog\/?p=41178"},"modified":"2016-09-18T11:53:20","modified_gmt":"2016-09-18T16:53:20","slug":"encuentran-artefacto-causante-de-explosion-en-ny","status":"publish","type":"post","link":"https:\/\/lamendigapolitica.com\/?p=41178","title":{"rendered":"Encuentran artefacto causante de explosi\u00f3n en NY"},"content":{"rendered":"<p><a href=\"https:\/\/lamendigapolitica.com\/blog\/blog\/wp-content\/uploads\/2016\/09\/explo.jpg\" rel=\"attachment wp-att-41179\"><img loading=\"lazy\" decoding=\"async\" class=\"aligncenter wp-image-41179\" src=\"https:\/\/lamendigapolitica.com\/blog\/blog\/wp-content\/uploads\/2016\/09\/explo.jpg\" alt=\"explo\" width=\"373\" height=\"209\" \/><\/a><\/p>\n<p>&nbsp;<\/p>\n<p>Un dispositivo fue, hallado a solo dos manzanas de donde explot\u00f3 el primero, se trata de una olla a presi\u00f3n conectada a un tel\u00e9fono m\u00f3vil con cables.<\/p>\n<p>El artefacto ya ha sido desactivado por el equipo de artificieros de la Polic\u00eda de Nueva York, ha informado este departamento en su cuenta de Twitter.<\/p>\n<p>Seg\u00fan el alcalde de Nueva York, Bill De Blasio, las primeras investigaciones indican de que se trata de un \u00abacto intencionado\u00bb, aunque ha asegurado que por el momento \u00abno existen pruebas que lo vinculen con un acto terrorista\u00bb.<\/p>\n<p>Hasta el momento la el barrio de Chelsea de Nueva York ha provocado 29 heridos<\/p>\n<p>Los agentes hallaron un segundo artefacto que ser\u00eda similar al primero, que fue el que estall\u00f3 en una papelera de Chelsea.<\/p>\n","protected":false},"excerpt":{"rendered":"<p>&nbsp; Un dispositivo fue, hallado a solo dos manzanas de donde explot\u00f3 el primero, se trata de una olla a presi\u00f3n conectada a un tel\u00e9fono m\u00f3vil con cables. El artefacto ya ha sido desactivado por el equipo de artificieros de la Polic\u00eda de Nueva York, ha informado este departamento en su cuenta de Twitter. Seg\u00fan &hellip; <\/p>\n<p><a class=\"more-link btn\" href=\"https:\/\/lamendigapolitica.com\/?p=41178\">Seguir leyendo<\/a><\/p>\n","protected":false},"author":1,"featured_media":0,"comment_status":"open","ping_status":"closed","sticky":false,"template":"","format":"standard","meta":{"footnotes":""},"categories":[20,31,27],"tags":[],"class_list":["post-41178","post","type-post","status-publish","format-standard","hentry","category-gobierno","category-internacional","category-seguridad","item-wrap"],"_links":{"self":[{"href":"https:\/\/lamendigapolitica.com\/index.php?rest_route=\/wp\/v2\/posts\/41178","targetHints":{"allow":["GET"]}}],"collection":[{"href":"https:\/\/lamendigapolitica.com\/index.php?rest_route=\/wp\/v2\/posts"}],"about":[{"href":"https:\/\/lamendigapolitica.com\/index.php?rest_route=\/wp\/v2\/types\/post"}],"author":[{"embeddable":true,"href":"https:\/\/lamendigapolitica.com\/index.php?rest_route=\/wp\/v2\/users\/1"}],"replies":[{"embeddable":true,"href":"https:\/\/lamendigapolitica.com\/index.php?rest_route=%2Fwp%2Fv2%2Fcomments&post=41178"}],"version-history":[{"count":1,"href":"https:\/\/lamendigapolitica.com\/index.php?rest_route=\/wp\/v2\/posts\/41178\/revisions"}],"predecessor-version":[{"id":41180,"href":"https:\/\/lamendigapolitica.com\/index.php?rest_route=\/wp\/v2\/posts\/41178\/revisions\/41180"}],"wp:attachment":[{"href":"https:\/\/lamendigapolitica.com\/index.php?rest_route=%2Fwp%2Fv2%2Fmedia&parent=41178"}],"wp:term":[{"taxonomy":"category","embeddable":true,"href":"https:\/\/lamendigapolitica.com\/index.php?rest_route=%2Fwp%2Fv2%2Fcategories&post=41178"},{"taxonomy":"post_tag","embeddable":true,"href":"https:\/\/lamendigapolitica.com\/index.php?rest_route=%2Fwp%2Fv2%2Ftags&post=41178"}],"curies":[{"name":"wp","href":"https:\/\/api.w.org\/{rel}","templated":true}]}}