{"id":41166,"date":"2016-09-18T09:54:59","date_gmt":"2016-09-18T14:54:59","guid":{"rendered":"http:\/\/lamendigapolitica.com\/blog\/?p=41166"},"modified":"2016-09-18T09:54:59","modified_gmt":"2016-09-18T14:54:59","slug":"eu-bombardea-por-error-a-62-soldados","status":"publish","type":"post","link":"https:\/\/lamendigapolitica.com\/?p=41166","title":{"rendered":"EU bombardea \u201cpor error\u201d a 62 soldados"},"content":{"rendered":"<p><a href=\"https:\/\/lamendigapolitica.com\/blog\/blog\/wp-content\/uploads\/2016\/09\/bombardeo.jpg\" rel=\"attachment wp-att-41167\"><img loading=\"lazy\" decoding=\"async\" class=\"aligncenter  wp-image-41167\" src=\"https:\/\/lamendigapolitica.com\/blog\/blog\/wp-content\/uploads\/2016\/09\/bombardeo.jpg\" alt=\"bombardeo\" width=\"385\" height=\"256\" \/><\/a><\/p>\n<p>&nbsp;<\/p>\n<p>La coalici\u00f3n internacional contra el Estado Isl\u00e1mico, liderada por Estados Unidos, dijo que bombarde\u00f3 ayer por error a soldados sirios durante una incursi\u00f3n a\u00e9rea contra los terroristas, incidente que constituir\u00eda el primer ataque directo contra las fuerzas del presidente Bashar Al Assad del que se tenga conocimiento.<\/p>\n<p>&nbsp;<\/p>\n<p>El Mando Central de Estados Unidos indic\u00f3 que la operaci\u00f3n fue suspendida de inmediato \u201ccuando autoridades rusas informaron a funcionarios de la coalici\u00f3n que posiblemente el personal y los veh\u00edculos atacados pertenec\u00edan a las fuerzas militares sirias\u201d. La incursi\u00f3n a\u00e9rea estuvo dirigida contra una base en la ciudad de Deir el-Zour, (a la que rodea el grupo Estado Isl\u00e1mico) en el este, lo que favoreci\u00f3 un avance de los extremistas, seg\u00fan las fuerzas sirias.<\/p>\n<p>&nbsp;<\/p>\n<p>El mando militar ruso dijo que el ej\u00e9rcito sirio le indic\u00f3 que al menos 62 soldados perdieron la vida en el ataque a\u00e9reo y m\u00e1s de 100 resultaron heridos. El ataque, presuntamente, por equivocaci\u00f3n podr\u00eda haber asestado un golpe demoledor a la fr\u00e1gil tregua negociada por Estados Unidos y Rusia la semana pasada, aunque poco se ha respetado. Por su parte, el presidente estadunidense, Barack Obama, lament\u00f3 la p\u00e9rdida \u201cno intencional\u201d de las vidas de estos soldados.<\/p>\n<p>&nbsp;<\/p>\n<p>Estados Unidos ha transmitido nuestro pesar a trav\u00e9s de la Federaci\u00f3n de Rusia por la p\u00e9rdida no intencional de la vida de las fuerzas sirias que luchan contra el Estado Isl\u00e1mico\u201d, indic\u00f3 un alto funcionario del gobierno.\u00a0 A\u00f1adi\u00f3 que \u201cEU seguir\u00e1 cumpliendo con el cese de las hostilidades a medida que continuamos la acci\u00f3n militar contra el Estado Isl\u00e1mico y contra Al Qaeda\u201d.<\/p>\n<p>&nbsp;<\/p>\n<p>Sin embargo, el pa\u00eds del Kremlin acus\u00f3 a la potencia norteamericana de no cumplir con sus compromisos: \u201cSi la parte estadunidense no toma medidas apropiadas para cumplir con sus compromisos, ser\u00e1n totalmente responsables del fracaso del alto al fuego en territorio sirio\u201d, asegur\u00f3 el general Viktor Poznikhir, del Estado Mayor ruso.<\/p>\n","protected":false},"excerpt":{"rendered":"<p>&nbsp; La coalici\u00f3n internacional contra el Estado Isl\u00e1mico, liderada por Estados Unidos, dijo que bombarde\u00f3 ayer por error a soldados sirios durante una incursi\u00f3n a\u00e9rea contra los terroristas, incidente que constituir\u00eda el primer ataque directo contra las fuerzas del presidente Bashar Al Assad del que se tenga conocimiento. &nbsp; El Mando Central de Estados Unidos &hellip; <\/p>\n<p><a class=\"more-link btn\" href=\"https:\/\/lamendigapolitica.com\/?p=41166\">Seguir leyendo<\/a><\/p>\n","protected":false},"author":1,"featured_media":0,"comment_status":"open","ping_status":"closed","sticky":false,"template":"","format":"standard","meta":{"footnotes":""},"categories":[20,31,3,27],"tags":[],"class_list":["post-41166","post","type-post","status-publish","format-standard","hentry","category-gobierno","category-internacional","category-politica","category-seguridad","item-wrap"],"_links":{"self":[{"href":"https:\/\/lamendigapolitica.com\/index.php?rest_route=\/wp\/v2\/posts\/41166","targetHints":{"allow":["GET"]}}],"collection":[{"href":"https:\/\/lamendigapolitica.com\/index.php?rest_route=\/wp\/v2\/posts"}],"about":[{"href":"https:\/\/lamendigapolitica.com\/index.php?rest_route=\/wp\/v2\/types\/post"}],"author":[{"embeddable":true,"href":"https:\/\/lamendigapolitica.com\/index.php?rest_route=\/wp\/v2\/users\/1"}],"replies":[{"embeddable":true,"href":"https:\/\/lamendigapolitica.com\/index.php?rest_route=%2Fwp%2Fv2%2Fcomments&post=41166"}],"version-history":[{"count":1,"href":"https:\/\/lamendigapolitica.com\/index.php?rest_route=\/wp\/v2\/posts\/41166\/revisions"}],"predecessor-version":[{"id":41168,"href":"https:\/\/lamendigapolitica.com\/index.php?rest_route=\/wp\/v2\/posts\/41166\/revisions\/41168"}],"wp:attachment":[{"href":"https:\/\/lamendigapolitica.com\/index.php?rest_route=%2Fwp%2Fv2%2Fmedia&parent=41166"}],"wp:term":[{"taxonomy":"category","embeddable":true,"href":"https:\/\/lamendigapolitica.com\/index.php?rest_route=%2Fwp%2Fv2%2Fcategories&post=41166"},{"taxonomy":"post_tag","embeddable":true,"href":"https:\/\/lamendigapolitica.com\/index.php?rest_route=%2Fwp%2Fv2%2Ftags&post=41166"}],"curies":[{"name":"wp","href":"https:\/\/api.w.org\/{rel}","templated":true}]}}