{"id":41124,"date":"2016-09-17T09:02:00","date_gmt":"2016-09-17T14:02:00","guid":{"rendered":"http:\/\/lamendigapolitica.com\/blog\/?p=41124"},"modified":"2016-09-17T09:02:00","modified_gmt":"2016-09-17T14:02:00","slug":"hillary-no-descarta-reunion-con-pena","status":"publish","type":"post","link":"https:\/\/lamendigapolitica.com\/?p=41124","title":{"rendered":"Hillary no descarta reuni\u00f3n con Pe\u00f1a"},"content":{"rendered":"<p><a href=\"https:\/\/lamendigapolitica.com\/blog\/blog\/wp-content\/uploads\/2016\/09\/Hillary.jpg\" rel=\"attachment wp-att-41125\"><img loading=\"lazy\" decoding=\"async\" class=\"aligncenter  wp-image-41125\" src=\"https:\/\/lamendigapolitica.com\/blog\/blog\/wp-content\/uploads\/2016\/09\/Hillary.jpg\" alt=\"hillary\" width=\"411\" height=\"206\" srcset=\"https:\/\/lamendigapolitica.com\/wp-content\/uploads\/2016\/09\/Hillary.jpg 317w, https:\/\/lamendigapolitica.com\/wp-content\/uploads\/2016\/09\/Hillary-300x150.jpg 300w\" sizes=\"auto, (max-width: 411px) 100vw, 411px\" \/><\/a><\/p>\n<p>&nbsp;<\/p>\n<p>El equipo de la candidata dem\u00f3crata al gobierno de Estados Unidos, Hillary Clinton, convers\u00f3 con la embajada de M\u00e9xico en Washington sobre un posible encuentro con el presidente Enrique Pe\u00f1a Nieto, quien estar\u00e1 en Nueva York para asistir a la Asamblea General de la ONU. \u201cS\u00e9 que ha habido comunicaciones con la embajada de M\u00e9xico; sin embargo, no tengo conocimiento si se ha llegado a cuadrar en alg\u00fan momento, un tiempo para que se re\u00fanan\u201d, dijo en entrevista radiof\u00f3nica Jorge Silva, director de medios hispanos de Clinton, consigna hoy Excelsior.<\/p>\n<p>&nbsp;<\/p>\n<p>Pe\u00f1a Nieto, quien invit\u00f3 a Clinton a reunirse en M\u00e9xico previo a la elecci\u00f3n del 8 de noviembre, pero la dem\u00f3crata declin\u00f3, estar\u00e1 en Nueva York, Estados Unidos, del pr\u00f3ximo domingo al martes para participar en la Asamblea General de la ONU, lo que podr\u00eda ser una oportunidad para reunirse. Pe\u00f1a Nieto tambi\u00e9n invit\u00f3 al candidato republicano Donald Trump, quien visit\u00f3 el pa\u00eds el pasado 31 de agosto.<\/p>\n<p>&nbsp;<\/p>\n<p>Trump, quien ha fincado gran parte de su campa\u00f1a en un radical discurso contra los inmigrantes, atacando sobre todo a los mexicanos, se reuni\u00f3 con Pe\u00f1a Nieto y ofrecieron un mensaje conjunto a la prensa en el que defendi\u00f3 su pol\u00e9mica propuesta de construir un muro fronterizo.<\/p>\n<p>&nbsp;<\/p>\n<p>Por otra parte, la candidata dem\u00f3crata a la presidencia de EU, Hillary Clinton, pidi\u00f3 la noche del pasado jueves ayuda de los votantes latinos para \u201crepudiar\u201d y \u201cdetener\u201d al republicano Donald Trump, as\u00ed como movilizar a parientes, amigos y vecinos para votar por ella el 8 de noviembre. Clinton, quien fue precedida en el escenario por el presidente Barack Obama, lament\u00f3 que el \u201cefecto Trump\u201d ya est\u00e1 presente en las escuelas de Estados Unidos, con un aumento del \u201cbullying\u201d y el hostigamiento, especialmente contra estudiantes de color, musulmanes y latinos.<\/p>\n<p>&nbsp;<\/p>\n<p>En Indiana, relat\u00f3, jugadores blancos confrontaron a jugadores latinos del equipo rival con el coro de \u201cconstruyan ese muro\u201d.<\/p>\n","protected":false},"excerpt":{"rendered":"<p>&nbsp; El equipo de la candidata dem\u00f3crata al gobierno de Estados Unidos, Hillary Clinton, convers\u00f3 con la embajada de M\u00e9xico en Washington sobre un posible encuentro con el presidente Enrique Pe\u00f1a Nieto, quien estar\u00e1 en Nueva York para asistir a la Asamblea General de la ONU. \u201cS\u00e9 que ha habido comunicaciones con la embajada de &hellip; <\/p>\n<p><a class=\"more-link btn\" href=\"https:\/\/lamendigapolitica.com\/?p=41124\">Seguir leyendo<\/a><\/p>\n","protected":false},"author":1,"featured_media":0,"comment_status":"open","ping_status":"closed","sticky":false,"template":"","format":"standard","meta":{"footnotes":""},"categories":[6,20,31,5,3],"tags":[],"class_list":["post-41124","post","type-post","status-publish","format-standard","hentry","category-congreso","category-gobierno","category-internacional","category-partidos","category-politica","item-wrap"],"_links":{"self":[{"href":"https:\/\/lamendigapolitica.com\/index.php?rest_route=\/wp\/v2\/posts\/41124","targetHints":{"allow":["GET"]}}],"collection":[{"href":"https:\/\/lamendigapolitica.com\/index.php?rest_route=\/wp\/v2\/posts"}],"about":[{"href":"https:\/\/lamendigapolitica.com\/index.php?rest_route=\/wp\/v2\/types\/post"}],"author":[{"embeddable":true,"href":"https:\/\/lamendigapolitica.com\/index.php?rest_route=\/wp\/v2\/users\/1"}],"replies":[{"embeddable":true,"href":"https:\/\/lamendigapolitica.com\/index.php?rest_route=%2Fwp%2Fv2%2Fcomments&post=41124"}],"version-history":[{"count":1,"href":"https:\/\/lamendigapolitica.com\/index.php?rest_route=\/wp\/v2\/posts\/41124\/revisions"}],"predecessor-version":[{"id":41126,"href":"https:\/\/lamendigapolitica.com\/index.php?rest_route=\/wp\/v2\/posts\/41124\/revisions\/41126"}],"wp:attachment":[{"href":"https:\/\/lamendigapolitica.com\/index.php?rest_route=%2Fwp%2Fv2%2Fmedia&parent=41124"}],"wp:term":[{"taxonomy":"category","embeddable":true,"href":"https:\/\/lamendigapolitica.com\/index.php?rest_route=%2Fwp%2Fv2%2Fcategories&post=41124"},{"taxonomy":"post_tag","embeddable":true,"href":"https:\/\/lamendigapolitica.com\/index.php?rest_route=%2Fwp%2Fv2%2Ftags&post=41124"}],"curies":[{"name":"wp","href":"https:\/\/api.w.org\/{rel}","templated":true}]}}