{"id":41121,"date":"2016-09-17T08:59:54","date_gmt":"2016-09-17T13:59:54","guid":{"rendered":"http:\/\/lamendigapolitica.com\/blog\/?p=41121"},"modified":"2016-09-17T08:59:54","modified_gmt":"2016-09-17T13:59:54","slug":"alcalde-tabasqueno-se-auto-vitorea-en-ceremonia-del-grito","status":"publish","type":"post","link":"https:\/\/lamendigapolitica.com\/?p=41121","title":{"rendered":"Alcalde tabasque\u00f1o se auto vitorea en ceremonia del Grito"},"content":{"rendered":"<p><a href=\"https:\/\/lamendigapolitica.com\/blog\/blog\/wp-content\/uploads\/2016\/09\/alcalde.jpg\" rel=\"attachment wp-att-41122\"><img loading=\"lazy\" decoding=\"async\" class=\"aligncenter  wp-image-41122\" src=\"https:\/\/lamendigapolitica.com\/blog\/blog\/wp-content\/uploads\/2016\/09\/alcalde.jpg\" alt=\"alcalde\" width=\"399\" height=\"182\" srcset=\"https:\/\/lamendigapolitica.com\/wp-content\/uploads\/2016\/09\/alcalde.jpg 333w, https:\/\/lamendigapolitica.com\/wp-content\/uploads\/2016\/09\/alcalde-300x137.jpg 300w\" sizes=\"auto, (max-width: 399px) 100vw, 399px\" \/><\/a><\/p>\n<p>&nbsp;<\/p>\n<p>Durante el tradicional Grito de Independencia, el alcalde de Macuspana, Tabasco, Jos\u00e9 Eduardo Rovirosa, pronunci\u00f3 \u201cviva el hombre que por cuarta vez da el grito desde este balc\u00f3n\u201d, en alusi\u00f3n a que est\u00e1 gobernando por segunda vez el municipio, publica hoy Excelsior.<\/p>\n<p>&nbsp;<\/p>\n<p>Aprovechando la ocasi\u00f3n y frente a un numeroso grupo de ciudadanos reunidos en la plaza principal del municipio, el alcalde incluy\u00f3 en la arenga un \u201cviva yo\u201d.<\/p>\n<p>&nbsp;<\/p>\n<p>Los usuarios de las redes sociales demostraron su molestia por la acci\u00f3n del alcalde a quien incluso acusan de poco eficiente en lo que va de su administraci\u00f3n.<\/p>\n","protected":false},"excerpt":{"rendered":"<p>&nbsp; Durante el tradicional Grito de Independencia, el alcalde de Macuspana, Tabasco, Jos\u00e9 Eduardo Rovirosa, pronunci\u00f3 \u201cviva el hombre que por cuarta vez da el grito desde este balc\u00f3n\u201d, en alusi\u00f3n a que est\u00e1 gobernando por segunda vez el municipio, publica hoy Excelsior. &nbsp; Aprovechando la ocasi\u00f3n y frente a un numeroso grupo de ciudadanos &hellip; <\/p>\n<p><a class=\"more-link btn\" href=\"https:\/\/lamendigapolitica.com\/?p=41121\">Seguir leyendo<\/a><\/p>\n","protected":false},"author":1,"featured_media":0,"comment_status":"open","ping_status":"closed","sticky":false,"template":"","format":"standard","meta":{"footnotes":""},"categories":[6,20,5,3,22],"tags":[],"class_list":["post-41121","post","type-post","status-publish","format-standard","hentry","category-congreso","category-gobierno","category-partidos","category-politica","category-sociales","item-wrap"],"_links":{"self":[{"href":"https:\/\/lamendigapolitica.com\/index.php?rest_route=\/wp\/v2\/posts\/41121","targetHints":{"allow":["GET"]}}],"collection":[{"href":"https:\/\/lamendigapolitica.com\/index.php?rest_route=\/wp\/v2\/posts"}],"about":[{"href":"https:\/\/lamendigapolitica.com\/index.php?rest_route=\/wp\/v2\/types\/post"}],"author":[{"embeddable":true,"href":"https:\/\/lamendigapolitica.com\/index.php?rest_route=\/wp\/v2\/users\/1"}],"replies":[{"embeddable":true,"href":"https:\/\/lamendigapolitica.com\/index.php?rest_route=%2Fwp%2Fv2%2Fcomments&post=41121"}],"version-history":[{"count":1,"href":"https:\/\/lamendigapolitica.com\/index.php?rest_route=\/wp\/v2\/posts\/41121\/revisions"}],"predecessor-version":[{"id":41123,"href":"https:\/\/lamendigapolitica.com\/index.php?rest_route=\/wp\/v2\/posts\/41121\/revisions\/41123"}],"wp:attachment":[{"href":"https:\/\/lamendigapolitica.com\/index.php?rest_route=%2Fwp%2Fv2%2Fmedia&parent=41121"}],"wp:term":[{"taxonomy":"category","embeddable":true,"href":"https:\/\/lamendigapolitica.com\/index.php?rest_route=%2Fwp%2Fv2%2Fcategories&post=41121"},{"taxonomy":"post_tag","embeddable":true,"href":"https:\/\/lamendigapolitica.com\/index.php?rest_route=%2Fwp%2Fv2%2Ftags&post=41121"}],"curies":[{"name":"wp","href":"https:\/\/api.w.org\/{rel}","templated":true}]}}