{"id":41109,"date":"2016-09-16T18:57:36","date_gmt":"2016-09-16T23:57:36","guid":{"rendered":"http:\/\/lamendigapolitica.com\/blog\/?p=41109"},"modified":"2016-09-16T18:57:36","modified_gmt":"2016-09-16T23:57:36","slug":"jesus-hernandez-gana-bronce-en-los-paralimpicos-de-rio-2016","status":"publish","type":"post","link":"https:\/\/lamendigapolitica.com\/?p=41109","title":{"rendered":"Jes\u00fas Hern\u00e1ndez gana bronce en los Paral\u00edmpicos de R\u00edo 2016"},"content":{"rendered":"<p><a href=\"https:\/\/lamendigapolitica.com\/blog\/blog\/wp-content\/uploads\/2016\/09\/medalla.jpg\" rel=\"attachment wp-att-41110\"><img loading=\"lazy\" decoding=\"async\" class=\"aligncenter  wp-image-41110\" src=\"https:\/\/lamendigapolitica.com\/blog\/blog\/wp-content\/uploads\/2016\/09\/medalla.jpg\" alt=\"medalla\" width=\"378\" height=\"238\" \/><\/a><\/p>\n<p>&nbsp;<\/p>\n<p>El nadador mexicano Jes\u00fas Hern\u00e1ndez Hern\u00e1ndez consigui\u00f3 la medalla de bronce en la gran final de 50 metros espalda masculino S4, luego de detener el cron\u00f3metro en 45.30 segundos.<\/p>\n<p>&nbsp;<\/p>\n<p>En esa misma prueba, el deportista tricolor Juan Reyes estuvo cerca de subir al podio, al terminar el recorrido en cuarto lugar con un tiempo de 45.46, mientras el \u201cazteca\u201d Gustavo S\u00e1nchez Mart\u00ednez finaliz\u00f3 en el sexto sitio con marca de 49.41.<\/p>\n","protected":false},"excerpt":{"rendered":"<p>&nbsp; El nadador mexicano Jes\u00fas Hern\u00e1ndez Hern\u00e1ndez consigui\u00f3 la medalla de bronce en la gran final de 50 metros espalda masculino S4, luego de detener el cron\u00f3metro en 45.30 segundos. &nbsp; En esa misma prueba, el deportista tricolor Juan Reyes estuvo cerca de subir al podio, al terminar el recorrido en cuarto lugar con un &hellip; <\/p>\n<p><a class=\"more-link btn\" href=\"https:\/\/lamendigapolitica.com\/?p=41109\">Seguir leyendo<\/a><\/p>\n","protected":false},"author":1,"featured_media":0,"comment_status":"open","ping_status":"closed","sticky":false,"template":"","format":"standard","meta":{"footnotes":""},"categories":[6,20,5,3],"tags":[],"class_list":["post-41109","post","type-post","status-publish","format-standard","hentry","category-congreso","category-gobierno","category-partidos","category-politica","item-wrap"],"_links":{"self":[{"href":"https:\/\/lamendigapolitica.com\/index.php?rest_route=\/wp\/v2\/posts\/41109","targetHints":{"allow":["GET"]}}],"collection":[{"href":"https:\/\/lamendigapolitica.com\/index.php?rest_route=\/wp\/v2\/posts"}],"about":[{"href":"https:\/\/lamendigapolitica.com\/index.php?rest_route=\/wp\/v2\/types\/post"}],"author":[{"embeddable":true,"href":"https:\/\/lamendigapolitica.com\/index.php?rest_route=\/wp\/v2\/users\/1"}],"replies":[{"embeddable":true,"href":"https:\/\/lamendigapolitica.com\/index.php?rest_route=%2Fwp%2Fv2%2Fcomments&post=41109"}],"version-history":[{"count":1,"href":"https:\/\/lamendigapolitica.com\/index.php?rest_route=\/wp\/v2\/posts\/41109\/revisions"}],"predecessor-version":[{"id":41111,"href":"https:\/\/lamendigapolitica.com\/index.php?rest_route=\/wp\/v2\/posts\/41109\/revisions\/41111"}],"wp:attachment":[{"href":"https:\/\/lamendigapolitica.com\/index.php?rest_route=%2Fwp%2Fv2%2Fmedia&parent=41109"}],"wp:term":[{"taxonomy":"category","embeddable":true,"href":"https:\/\/lamendigapolitica.com\/index.php?rest_route=%2Fwp%2Fv2%2Fcategories&post=41109"},{"taxonomy":"post_tag","embeddable":true,"href":"https:\/\/lamendigapolitica.com\/index.php?rest_route=%2Fwp%2Fv2%2Ftags&post=41109"}],"curies":[{"name":"wp","href":"https:\/\/api.w.org\/{rel}","templated":true}]}}