{"id":41099,"date":"2016-09-16T10:05:08","date_gmt":"2016-09-16T15:05:08","guid":{"rendered":"http:\/\/lamendigapolitica.com\/blog\/?p=41099"},"modified":"2016-09-16T10:05:08","modified_gmt":"2016-09-16T15:05:08","slug":"si-gobierno-incumple-acuerdos-volveremos-a-tomar-las-calles","status":"publish","type":"post","link":"https:\/\/lamendigapolitica.com\/?p=41099","title":{"rendered":"Si gobierno incumple acuerdos, volveremos a tomar las calles"},"content":{"rendered":"<p><a href=\"https:\/\/lamendigapolitica.com\/blog\/blog\/wp-content\/uploads\/2016\/09\/maestros-1.jpg\" rel=\"attachment wp-att-41100\"><img loading=\"lazy\" decoding=\"async\" class=\"aligncenter  wp-image-41100\" src=\"https:\/\/lamendigapolitica.com\/blog\/blog\/wp-content\/uploads\/2016\/09\/maestros-1.jpg\" alt=\"maestros\" width=\"399\" height=\"208\" srcset=\"https:\/\/lamendigapolitica.com\/wp-content\/uploads\/2016\/09\/maestros-1.jpg 311w, https:\/\/lamendigapolitica.com\/wp-content\/uploads\/2016\/09\/maestros-1-300x156.jpg 300w\" sizes=\"auto, (max-width: 399px) 100vw, 399px\" \/><\/a><\/p>\n<p>&nbsp;<\/p>\n<p>El vocero de la secci\u00f3n 7 de la CNTE en Chiapas, Jos\u00e9 Luis Escobar, se\u00f1al\u00f3 que optaron por un \u201crepliegue\u201d pero se mantendr\u00e1n en lucha, luego del anuncio de que iniciar\u00e1n clases este lunes.<\/p>\n<p>&nbsp;<\/p>\n<p>En entrevista con Luis C\u00e1rdenas, el l\u00edder magisterial declar\u00f3 que la vuelta a las aulas fue decisi\u00f3n de los maestros luego d euna consulta, aunque advirti\u00f3 que si el gobierno incumple los acuerdos, ellos volver\u00e1n a tomar la calles.<\/p>\n<p>&nbsp;<\/p>\n<p>Jos\u00e9 Luis Escobar se\u00f1al\u00f3 que alcanzaron acuerdos con el gobierno federal para retomar las clases, sin embargo, no se suscribi\u00f3 ning\u00fan documento.<\/p>\n","protected":false},"excerpt":{"rendered":"<p>&nbsp; El vocero de la secci\u00f3n 7 de la CNTE en Chiapas, Jos\u00e9 Luis Escobar, se\u00f1al\u00f3 que optaron por un \u201crepliegue\u201d pero se mantendr\u00e1n en lucha, luego del anuncio de que iniciar\u00e1n clases este lunes. &nbsp; En entrevista con Luis C\u00e1rdenas, el l\u00edder magisterial declar\u00f3 que la vuelta a las aulas fue decisi\u00f3n de los &hellip; <\/p>\n<p><a class=\"more-link btn\" href=\"https:\/\/lamendigapolitica.com\/?p=41099\">Seguir leyendo<\/a><\/p>\n","protected":false},"author":1,"featured_media":0,"comment_status":"open","ping_status":"closed","sticky":false,"template":"","format":"standard","meta":{"footnotes":""},"categories":[6,28,20,5,3],"tags":[],"class_list":["post-41099","post","type-post","status-publish","format-standard","hentry","category-congreso","category-educacion","category-gobierno","category-partidos","category-politica","item-wrap"],"_links":{"self":[{"href":"https:\/\/lamendigapolitica.com\/index.php?rest_route=\/wp\/v2\/posts\/41099","targetHints":{"allow":["GET"]}}],"collection":[{"href":"https:\/\/lamendigapolitica.com\/index.php?rest_route=\/wp\/v2\/posts"}],"about":[{"href":"https:\/\/lamendigapolitica.com\/index.php?rest_route=\/wp\/v2\/types\/post"}],"author":[{"embeddable":true,"href":"https:\/\/lamendigapolitica.com\/index.php?rest_route=\/wp\/v2\/users\/1"}],"replies":[{"embeddable":true,"href":"https:\/\/lamendigapolitica.com\/index.php?rest_route=%2Fwp%2Fv2%2Fcomments&post=41099"}],"version-history":[{"count":1,"href":"https:\/\/lamendigapolitica.com\/index.php?rest_route=\/wp\/v2\/posts\/41099\/revisions"}],"predecessor-version":[{"id":41101,"href":"https:\/\/lamendigapolitica.com\/index.php?rest_route=\/wp\/v2\/posts\/41099\/revisions\/41101"}],"wp:attachment":[{"href":"https:\/\/lamendigapolitica.com\/index.php?rest_route=%2Fwp%2Fv2%2Fmedia&parent=41099"}],"wp:term":[{"taxonomy":"category","embeddable":true,"href":"https:\/\/lamendigapolitica.com\/index.php?rest_route=%2Fwp%2Fv2%2Fcategories&post=41099"},{"taxonomy":"post_tag","embeddable":true,"href":"https:\/\/lamendigapolitica.com\/index.php?rest_route=%2Fwp%2Fv2%2Ftags&post=41099"}],"curies":[{"name":"wp","href":"https:\/\/api.w.org\/{rel}","templated":true}]}}