{"id":41096,"date":"2016-09-16T10:00:58","date_gmt":"2016-09-16T15:00:58","guid":{"rendered":"http:\/\/lamendigapolitica.com\/blog\/?p=41096"},"modified":"2016-09-16T10:00:58","modified_gmt":"2016-09-16T15:00:58","slug":"efemerides-del-16-de-septiembre","status":"publish","type":"post","link":"https:\/\/lamendigapolitica.com\/?p=41096","title":{"rendered":"Efem\u00e9rides del 16 de septiembre"},"content":{"rendered":"<p><a href=\"https:\/\/lamendigapolitica.com\/blog\/blog\/wp-content\/uploads\/2016\/09\/efes.jpg\" rel=\"attachment wp-att-41097\"><img loading=\"lazy\" decoding=\"async\" class=\"aligncenter  wp-image-41097\" src=\"https:\/\/lamendigapolitica.com\/blog\/blog\/wp-content\/uploads\/2016\/09\/efes.jpg\" alt=\"efes\" width=\"385\" height=\"256\" \/><\/a><\/p>\n<p>&nbsp;<\/p>\n<p>1498: Muere el fraile dominico espa\u00f1ol Tom\u00e1s de Torquemada, nombrado \u00abGran inquisidor\u00bb por el Papa Inocencio VIII. Utiliza esta pr\u00e1ctica durante 11 a\u00f1os como medida de represi\u00f3n contra los no cat\u00f3licos. Nace en 1420<\/p>\n<p>1810: Se inicia el movimiento por la independencia de M\u00e9xico, en Dolores, Guanajuato. El cura Miguel Hidalgo y Costilla (1753-1811) incit\u00f3 a la rebeli\u00f3n contra la corona espa\u00f1ola que hab\u00eda dominado el pa\u00eds por casi 300 a\u00f1os.<\/p>\n<p>&nbsp;<\/p>\n<p>1814: Muertos los valientes insurgentes: Galeana y Matamoros, es ascendido al grado de general de divisi\u00f3n: Vicente Guerrero.<\/p>\n<p>&nbsp;<\/p>\n<p>1873: Nace en Oaxaca, M\u00e9xico, Ricardo Flores Mag\u00f3n, uno de los precursores de la Revoluci\u00f3n Mexicana, distinguido periodista, dramaturgo y pensador mexicano. Muere el 21 de noviembre de 1922<\/p>\n<p>&nbsp;<\/p>\n<p>1896: Entra en vigor en M\u00e9xico el Sistema M\u00e9trico Decimal.<\/p>\n<p>&nbsp;<\/p>\n<p>1910: El presidente mexicano Porfirio D\u00edaz inaugura la Columna de la Independencia, dise\u00f1ada por el arquitecto Antonio Rivas Mercado, con motivo del centenario de la gesta libertaria del pa\u00eds. En ella se encuentran los restos de algunos h\u00e9roes de la patria<\/p>\n<p>&nbsp;<\/p>\n<p>1925: Nace el cantautor de jazz estadounidense Riley Ben King, conocido como B. B. King, llamado \u00abEl rey del blues\u00bb y uno de los grandes guitarristas del siglo XX. Muere el 14 de mayo de 2015.<\/p>\n<p>&nbsp;<\/p>\n<p>1973: En el Estadio Chile (actualmente Estadio V\u00edctor Jara, en Santiago de Chile), agentes de la dictadura de Pinochet torturan y asesinan al cantautor V\u00edctor Jara.<\/p>\n<p>&nbsp;<\/p>\n<p>1977: Muere la cantante estadounidense de \u00f3pera de origen griego Mar\u00eda Callas, cuyo nombre real es Cecilia Sophia Anna Mar\u00eda Kalogeropoulos, convertida en una de las cantantes de este g\u00e9nero m\u00e1s destacadas de todos los tiempos. Nace el 2 de diciembre de 1923.<\/p>\n<p>&nbsp;<\/p>\n<p>2009: En M\u00e9xico, sale libre \u00abJacinta\u00bb la ind\u00edgena que supuestamente habia secuestrado a seis elementos de AFI, fuertemente armados.<\/p>\n","protected":false},"excerpt":{"rendered":"<p>&nbsp; 1498: Muere el fraile dominico espa\u00f1ol Tom\u00e1s de Torquemada, nombrado \u00abGran inquisidor\u00bb por el Papa Inocencio VIII. Utiliza esta pr\u00e1ctica durante 11 a\u00f1os como medida de represi\u00f3n contra los no cat\u00f3licos. Nace en 1420 1810: Se inicia el movimiento por la independencia de M\u00e9xico, en Dolores, Guanajuato. El cura Miguel Hidalgo y Costilla (1753-1811) &hellip; <\/p>\n<p><a class=\"more-link btn\" href=\"https:\/\/lamendigapolitica.com\/?p=41096\">Seguir leyendo<\/a><\/p>\n","protected":false},"author":1,"featured_media":0,"comment_status":"open","ping_status":"closed","sticky":false,"template":"","format":"standard","meta":{"footnotes":""},"categories":[26,20,31,22],"tags":[],"class_list":["post-41096","post","type-post","status-publish","format-standard","hentry","category-cultura","category-gobierno","category-internacional","category-sociales","item-wrap"],"_links":{"self":[{"href":"https:\/\/lamendigapolitica.com\/index.php?rest_route=\/wp\/v2\/posts\/41096","targetHints":{"allow":["GET"]}}],"collection":[{"href":"https:\/\/lamendigapolitica.com\/index.php?rest_route=\/wp\/v2\/posts"}],"about":[{"href":"https:\/\/lamendigapolitica.com\/index.php?rest_route=\/wp\/v2\/types\/post"}],"author":[{"embeddable":true,"href":"https:\/\/lamendigapolitica.com\/index.php?rest_route=\/wp\/v2\/users\/1"}],"replies":[{"embeddable":true,"href":"https:\/\/lamendigapolitica.com\/index.php?rest_route=%2Fwp%2Fv2%2Fcomments&post=41096"}],"version-history":[{"count":1,"href":"https:\/\/lamendigapolitica.com\/index.php?rest_route=\/wp\/v2\/posts\/41096\/revisions"}],"predecessor-version":[{"id":41098,"href":"https:\/\/lamendigapolitica.com\/index.php?rest_route=\/wp\/v2\/posts\/41096\/revisions\/41098"}],"wp:attachment":[{"href":"https:\/\/lamendigapolitica.com\/index.php?rest_route=%2Fwp%2Fv2%2Fmedia&parent=41096"}],"wp:term":[{"taxonomy":"category","embeddable":true,"href":"https:\/\/lamendigapolitica.com\/index.php?rest_route=%2Fwp%2Fv2%2Fcategories&post=41096"},{"taxonomy":"post_tag","embeddable":true,"href":"https:\/\/lamendigapolitica.com\/index.php?rest_route=%2Fwp%2Fv2%2Ftags&post=41096"}],"curies":[{"name":"wp","href":"https:\/\/api.w.org\/{rel}","templated":true}]}}