{"id":41093,"date":"2016-09-16T09:29:30","date_gmt":"2016-09-16T14:29:30","guid":{"rendered":"http:\/\/lamendigapolitica.com\/blog\/?p=41093"},"modified":"2016-09-16T09:29:30","modified_gmt":"2016-09-16T14:29:30","slug":"las-ciudades-privilegian-a-automovil","status":"publish","type":"post","link":"https:\/\/lamendigapolitica.com\/?p=41093","title":{"rendered":"Las ciudades privilegian a autom\u00f3vil"},"content":{"rendered":"<p><a href=\"https:\/\/lamendigapolitica.com\/blog\/blog\/wp-content\/uploads\/2016\/09\/automovil.jpg\" rel=\"attachment wp-att-41094\"><img loading=\"lazy\" decoding=\"async\" class=\"aligncenter  wp-image-41094\" src=\"https:\/\/lamendigapolitica.com\/blog\/blog\/wp-content\/uploads\/2016\/09\/automovil.jpg\" alt=\"automovil\" width=\"399\" height=\"198\" srcset=\"https:\/\/lamendigapolitica.com\/wp-content\/uploads\/2016\/09\/automovil.jpg 318w, https:\/\/lamendigapolitica.com\/wp-content\/uploads\/2016\/09\/automovil-300x149.jpg 300w\" sizes=\"auto, (max-width: 399px) 100vw, 399px\" \/><\/a><\/p>\n<p>&nbsp;<\/p>\n<p>Especialistas en movilidad urbana y grupos civiles alertaron que las autoridades en M\u00e9xico destinan 4 de cada 5 pesos de la inversi\u00f3n federal para movilidad a la infraestructura orientada a los autom\u00f3viles particulares, lo que resulta en que el transporte p\u00fablico sea insuficiente, pese a que atiende a diario el 80 por ciento de los viajes, publica hoy SinEmbargo.<\/p>\n<p>&nbsp;<\/p>\n<p>V\u00edctor Alvarado, investigador en movilidad de la organizaci\u00f3n El Poder del Consumidor (EPC), asegur\u00f3 que a nivel nacional el 80 por ciento del presupuesto se destina a obras p\u00fablicas que promueven el uso del autom\u00f3vil; en contraste, el porcentaje designado al transporte p\u00fablico llega apenas al 20.<\/p>\n<p>&nbsp;<\/p>\n<p>\u201cDesde hace 30 a\u00f1os se han venido construyendo ciudades para autom\u00f3viles y no para personas. Ahora la gente se preocupa m\u00e1s por tener un espacio d\u00f3nde guardar su auto, que por tener una rec\u00e1mara para un integrante de la familia, y esto se debe a las pol\u00edticas p\u00fablicas que han implementado nuestros gobernantes\u201d, expuso.<\/p>\n<p>&nbsp;<\/p>\n<p>Para muestra un bot\u00f3n: la reciente investigaci\u00f3n \u201cInversi\u00f3n en infraestructura destinada al uso del autom\u00f3vil particular vs. Inversi\u00f3n en transporte p\u00fablico y movilidad no motorizada\u201d, de EPC, se\u00f1ala que en 1950, el parque vehicular no superaba los 2 millones, en 2008 ya se encontraba por arriba de los 5 millones, raz\u00f3n por la que estim\u00f3 que en 2020 estar\u00e1 en 7.5 millones, y para 2030, alrededor de 10 millones de autos circular\u00e1n en la Ciudad de M\u00e9xico.<\/p>\n","protected":false},"excerpt":{"rendered":"<p>&nbsp; Especialistas en movilidad urbana y grupos civiles alertaron que las autoridades en M\u00e9xico destinan 4 de cada 5 pesos de la inversi\u00f3n federal para movilidad a la infraestructura orientada a los autom\u00f3viles particulares, lo que resulta en que el transporte p\u00fablico sea insuficiente, pese a que atiende a diario el 80 por ciento de &hellip; <\/p>\n<p><a class=\"more-link btn\" href=\"https:\/\/lamendigapolitica.com\/?p=41093\">Seguir leyendo<\/a><\/p>\n","protected":false},"author":1,"featured_media":0,"comment_status":"open","ping_status":"closed","sticky":false,"template":"","format":"standard","meta":{"footnotes":""},"categories":[6,20,5,3,27,22],"tags":[],"class_list":["post-41093","post","type-post","status-publish","format-standard","hentry","category-congreso","category-gobierno","category-partidos","category-politica","category-seguridad","category-sociales","item-wrap"],"_links":{"self":[{"href":"https:\/\/lamendigapolitica.com\/index.php?rest_route=\/wp\/v2\/posts\/41093","targetHints":{"allow":["GET"]}}],"collection":[{"href":"https:\/\/lamendigapolitica.com\/index.php?rest_route=\/wp\/v2\/posts"}],"about":[{"href":"https:\/\/lamendigapolitica.com\/index.php?rest_route=\/wp\/v2\/types\/post"}],"author":[{"embeddable":true,"href":"https:\/\/lamendigapolitica.com\/index.php?rest_route=\/wp\/v2\/users\/1"}],"replies":[{"embeddable":true,"href":"https:\/\/lamendigapolitica.com\/index.php?rest_route=%2Fwp%2Fv2%2Fcomments&post=41093"}],"version-history":[{"count":1,"href":"https:\/\/lamendigapolitica.com\/index.php?rest_route=\/wp\/v2\/posts\/41093\/revisions"}],"predecessor-version":[{"id":41095,"href":"https:\/\/lamendigapolitica.com\/index.php?rest_route=\/wp\/v2\/posts\/41093\/revisions\/41095"}],"wp:attachment":[{"href":"https:\/\/lamendigapolitica.com\/index.php?rest_route=%2Fwp%2Fv2%2Fmedia&parent=41093"}],"wp:term":[{"taxonomy":"category","embeddable":true,"href":"https:\/\/lamendigapolitica.com\/index.php?rest_route=%2Fwp%2Fv2%2Fcategories&post=41093"},{"taxonomy":"post_tag","embeddable":true,"href":"https:\/\/lamendigapolitica.com\/index.php?rest_route=%2Fwp%2Fv2%2Ftags&post=41093"}],"curies":[{"name":"wp","href":"https:\/\/api.w.org\/{rel}","templated":true}]}}