{"id":41081,"date":"2016-09-15T20:41:06","date_gmt":"2016-09-16T01:41:06","guid":{"rendered":"http:\/\/lamendigapolitica.com\/blog\/?p=41081"},"modified":"2016-09-15T20:41:39","modified_gmt":"2016-09-16T01:41:39","slug":"ciudadanos-marchan-contra-pena-nieto","status":"publish","type":"post","link":"https:\/\/lamendigapolitica.com\/?p=41081","title":{"rendered":"Ciudadanos marchan contra Pe\u00f1a Nieto"},"content":{"rendered":"<p><a href=\"https:\/\/lamendigapolitica.com\/blog\/blog\/wp-content\/uploads\/2016\/09\/renunica.jpg\" rel=\"attachment wp-att-41082\"><img loading=\"lazy\" decoding=\"async\" class=\"aligncenter wp-image-41082\" src=\"https:\/\/lamendigapolitica.com\/blog\/blog\/wp-content\/uploads\/2016\/09\/renunica.jpg\" alt=\"renunica\" width=\"395\" height=\"297\" srcset=\"https:\/\/lamendigapolitica.com\/wp-content\/uploads\/2016\/09\/renunica.jpg 960w, https:\/\/lamendigapolitica.com\/wp-content\/uploads\/2016\/09\/renunica-300x225.jpg 300w, https:\/\/lamendigapolitica.com\/wp-content\/uploads\/2016\/09\/renunica-768x576.jpg 768w\" sizes=\"auto, (max-width: 395px) 100vw, 395px\" \/><\/a><\/p>\n<p>&nbsp;<\/p>\n<p>Lo dijeron, lo propusieron y lo hicieron aunque en algunas ciudades como fue en la capital del pa\u00eds las cosas se pudieron dif\u00edciles debido a la inminencia de las fiestas patrias y no los dejaron pasar, pero miles de mexicanos en todo al pa\u00eds salieron a la calle ante\u00a0 la convocatoria lanzada en las redes sociales llamada ##RenunciaYa dirigida al presidente Enrique Pe\u00f1a Nieto.<\/p>\n<p>&nbsp;<\/p>\n<p>En la capital del pa\u00eds la marcha inici\u00f3\u00a0 encabezados por los padres de los 43 normalistas desaparecidos de Ayotzinapa, un grupo de personas marcha este jueves desde el \u00c1ngel de la Independencia hacia el Z\u00f3calo de la ciudad, en contra del presidente Enrique Pe\u00f1a Nieto. La convocatoria se hizo a trav\u00e9s de las redes sociales hace un par de semanas despu\u00e9s de la visita del candidato republicano al gobierno de Estados Unidos, Donald Trump, a la residencia oficial de Los Pinos para entrevistarse con el Presidente de la Rep\u00fablica.<\/p>\n<p>&nbsp;<\/p>\n<p>Pero elementos de la Secretar\u00eda de Seguridad P\u00fablica de la Ciudad de M\u00e9xico, impidieron el paso de la marcha #RenunciaYa al Z\u00f3calo capitalino. Los uniformados formaron una valla en la Avenida Ju\u00e1rez, a la altura del Palacio de Bellas Artes, para detener la movilizaci\u00f3n, la cual sali\u00f3 del \u00c1ngel de la Independencia. La dependencia capitalina estim\u00f3 que al menos tres mil 500 personas participan en la movilizaci\u00f3n.<\/p>\n<p>&nbsp;<\/p>\n<p>En Guadalajara los manifestantes se reunieron en el parque Rojo y de ah\u00ed por la avenida Juarez-Vallarta hasta arribar a la Minerva donde a pesar de no haberse conformado hasta el momento un gran contingente, si se manifestaron con mucho entusiasmo en contra del presidente de la rep\u00fablica y donde desplegaron una enorme manta en la que se le\u00eda #Renuncia Ya, Motivos sobran. Adem\u00e1s de diversos carteles en donde mostraban su repudio al mandatario<\/p>\n","protected":false},"excerpt":{"rendered":"<p>&nbsp; Lo dijeron, lo propusieron y lo hicieron aunque en algunas ciudades como fue en la capital del pa\u00eds las cosas se pudieron dif\u00edciles debido a la inminencia de las fiestas patrias y no los dejaron pasar, pero miles de mexicanos en todo al pa\u00eds salieron a la calle ante\u00a0 la convocatoria lanzada en las &hellip; <\/p>\n<p><a class=\"more-link btn\" href=\"https:\/\/lamendigapolitica.com\/?p=41081\">Seguir leyendo<\/a><\/p>\n","protected":false},"author":1,"featured_media":0,"comment_status":"open","ping_status":"closed","sticky":false,"template":"","format":"standard","meta":{"footnotes":""},"categories":[6,20,5,3],"tags":[],"class_list":["post-41081","post","type-post","status-publish","format-standard","hentry","category-congreso","category-gobierno","category-partidos","category-politica","item-wrap"],"_links":{"self":[{"href":"https:\/\/lamendigapolitica.com\/index.php?rest_route=\/wp\/v2\/posts\/41081","targetHints":{"allow":["GET"]}}],"collection":[{"href":"https:\/\/lamendigapolitica.com\/index.php?rest_route=\/wp\/v2\/posts"}],"about":[{"href":"https:\/\/lamendigapolitica.com\/index.php?rest_route=\/wp\/v2\/types\/post"}],"author":[{"embeddable":true,"href":"https:\/\/lamendigapolitica.com\/index.php?rest_route=\/wp\/v2\/users\/1"}],"replies":[{"embeddable":true,"href":"https:\/\/lamendigapolitica.com\/index.php?rest_route=%2Fwp%2Fv2%2Fcomments&post=41081"}],"version-history":[{"count":1,"href":"https:\/\/lamendigapolitica.com\/index.php?rest_route=\/wp\/v2\/posts\/41081\/revisions"}],"predecessor-version":[{"id":41083,"href":"https:\/\/lamendigapolitica.com\/index.php?rest_route=\/wp\/v2\/posts\/41081\/revisions\/41083"}],"wp:attachment":[{"href":"https:\/\/lamendigapolitica.com\/index.php?rest_route=%2Fwp%2Fv2%2Fmedia&parent=41081"}],"wp:term":[{"taxonomy":"category","embeddable":true,"href":"https:\/\/lamendigapolitica.com\/index.php?rest_route=%2Fwp%2Fv2%2Fcategories&post=41081"},{"taxonomy":"post_tag","embeddable":true,"href":"https:\/\/lamendigapolitica.com\/index.php?rest_route=%2Fwp%2Fv2%2Ftags&post=41081"}],"curies":[{"name":"wp","href":"https:\/\/api.w.org\/{rel}","templated":true}]}}