{"id":41069,"date":"2016-09-15T18:47:02","date_gmt":"2016-09-15T23:47:02","guid":{"rendered":"http:\/\/lamendigapolitica.com\/blog\/?p=41069"},"modified":"2016-09-15T18:47:02","modified_gmt":"2016-09-15T23:47:02","slug":"el-manneken-pis-de-bruselas-se-viste-de-charro-en-honor-a-mexico","status":"publish","type":"post","link":"https:\/\/lamendigapolitica.com\/?p=41069","title":{"rendered":"El Manneken Pis de Bruselas se viste de charro en honor a M\u00e9xico"},"content":{"rendered":"<p><a href=\"https:\/\/lamendigapolitica.com\/blog\/blog\/wp-content\/uploads\/2016\/09\/pis.jpg\" rel=\"attachment wp-att-41070\"><img loading=\"lazy\" decoding=\"async\" class=\"aligncenter  wp-image-41070\" src=\"https:\/\/lamendigapolitica.com\/blog\/blog\/wp-content\/uploads\/2016\/09\/pis.jpg\" alt=\"pis\" width=\"404\" height=\"213\" srcset=\"https:\/\/lamendigapolitica.com\/wp-content\/uploads\/2016\/09\/pis.jpg 309w, https:\/\/lamendigapolitica.com\/wp-content\/uploads\/2016\/09\/pis-300x158.jpg 300w\" sizes=\"auto, (max-width: 404px) 100vw, 404px\" \/><\/a><\/p>\n<p>&nbsp;<\/p>\n<p>La emblem\u00e1tica estatua del Manneken Pis, la fuente que representa a un ni\u00f1o orinando y que es uno de los s\u00edmbolos de Bruselas, se visti\u00f3 hoy con el traje de charro mexicano para conmemorar el 206 aniversario de la independencia del pa\u00eds norteamericano. A la ceremonia en este c\u00e9ntrico punto de la capital belga acudieron, entre otros, el embajador mexicano ante B\u00e9lgica, Luxemburgo y la Uni\u00f3n Europea, Eloy Cant\u00fa Segovia.<\/p>\n<p>&nbsp;<\/p>\n<p>La Orden de los Amigos del Manneken Pis fue la encargada de vestir la simb\u00f3lica estatua con las ropas tradicionales de la naci\u00f3n homenajeada. Eloy Cant\u00fa Segovia expres\u00f3 su emoci\u00f3n al ver la estatua bruselense con estas vestimentas t\u00edpicas y destac\u00f3 que esa cortes\u00eda refleja \u201clas buenas relaciones entre los dos pa\u00edses\u201d, indic\u00f3 en un comunicado la Embajada mexicana.<\/p>\n<p>&nbsp;<\/p>\n<p>B\u00e9lgica acostumbra a vestir a su estatua m\u00e1s c\u00e9lebre con ropajes diversos, que van desde el conde Dr\u00e1cula hasta de miembro de la \u201cdiablada\u201d boliviana. En la tarde, el embajador Cant\u00fa Segovia, presidi\u00f3 ante una amplia concurrencia la ceremonia de El Grito de Independencia en una recepci\u00f3n celebrada en los Museos Reales de Arte e Historia, donde los asistentes pudieron adem\u00e1s visitar la exposici\u00f3n de arte prehisp\u00e1nico que se exhibe permanentemente en ese centro.<\/p>\n","protected":false},"excerpt":{"rendered":"<p>&nbsp; La emblem\u00e1tica estatua del Manneken Pis, la fuente que representa a un ni\u00f1o orinando y que es uno de los s\u00edmbolos de Bruselas, se visti\u00f3 hoy con el traje de charro mexicano para conmemorar el 206 aniversario de la independencia del pa\u00eds norteamericano. A la ceremonia en este c\u00e9ntrico punto de la capital belga &hellip; <\/p>\n<p><a class=\"more-link btn\" href=\"https:\/\/lamendigapolitica.com\/?p=41069\">Seguir leyendo<\/a><\/p>\n","protected":false},"author":1,"featured_media":0,"comment_status":"open","ping_status":"closed","sticky":false,"template":"","format":"standard","meta":{"footnotes":""},"categories":[26,20,31,3,22],"tags":[],"class_list":["post-41069","post","type-post","status-publish","format-standard","hentry","category-cultura","category-gobierno","category-internacional","category-politica","category-sociales","item-wrap"],"_links":{"self":[{"href":"https:\/\/lamendigapolitica.com\/index.php?rest_route=\/wp\/v2\/posts\/41069","targetHints":{"allow":["GET"]}}],"collection":[{"href":"https:\/\/lamendigapolitica.com\/index.php?rest_route=\/wp\/v2\/posts"}],"about":[{"href":"https:\/\/lamendigapolitica.com\/index.php?rest_route=\/wp\/v2\/types\/post"}],"author":[{"embeddable":true,"href":"https:\/\/lamendigapolitica.com\/index.php?rest_route=\/wp\/v2\/users\/1"}],"replies":[{"embeddable":true,"href":"https:\/\/lamendigapolitica.com\/index.php?rest_route=%2Fwp%2Fv2%2Fcomments&post=41069"}],"version-history":[{"count":1,"href":"https:\/\/lamendigapolitica.com\/index.php?rest_route=\/wp\/v2\/posts\/41069\/revisions"}],"predecessor-version":[{"id":41071,"href":"https:\/\/lamendigapolitica.com\/index.php?rest_route=\/wp\/v2\/posts\/41069\/revisions\/41071"}],"wp:attachment":[{"href":"https:\/\/lamendigapolitica.com\/index.php?rest_route=%2Fwp%2Fv2%2Fmedia&parent=41069"}],"wp:term":[{"taxonomy":"category","embeddable":true,"href":"https:\/\/lamendigapolitica.com\/index.php?rest_route=%2Fwp%2Fv2%2Fcategories&post=41069"},{"taxonomy":"post_tag","embeddable":true,"href":"https:\/\/lamendigapolitica.com\/index.php?rest_route=%2Fwp%2Fv2%2Ftags&post=41069"}],"curies":[{"name":"wp","href":"https:\/\/api.w.org\/{rel}","templated":true}]}}