{"id":41051,"date":"2016-09-15T10:08:05","date_gmt":"2016-09-15T15:08:05","guid":{"rendered":"http:\/\/lamendigapolitica.com\/blog\/?p=41051"},"modified":"2016-09-15T10:08:05","modified_gmt":"2016-09-15T15:08:05","slug":"temen-fractura-del-pan-rumbo-a-2018","status":"publish","type":"post","link":"https:\/\/lamendigapolitica.com\/?p=41051","title":{"rendered":"Temen fractura del PAN rumbo a 2018"},"content":{"rendered":"<p><a href=\"https:\/\/lamendigapolitica.com\/blog\/blog\/wp-content\/uploads\/2016\/09\/gob.jpg\" rel=\"attachment wp-att-41052\"><img loading=\"lazy\" decoding=\"async\" class=\"aligncenter  wp-image-41052\" src=\"https:\/\/lamendigapolitica.com\/blog\/blog\/wp-content\/uploads\/2016\/09\/gob.jpg\" alt=\"gob\" width=\"413\" height=\"218\" srcset=\"https:\/\/lamendigapolitica.com\/wp-content\/uploads\/2016\/09\/gob.jpg 309w, https:\/\/lamendigapolitica.com\/wp-content\/uploads\/2016\/09\/gob-300x158.jpg 300w\" sizes=\"auto, (max-width: 413px) 100vw, 413px\" \/><\/a><\/p>\n<p>&nbsp;<\/p>\n<p>Como un gran riesgo para el PAN calific\u00f3 asegur\u00f3 el gobernador de Guanajuato Miguel M\u00e1rquez la intenci\u00f3n de Margarita Zavala, Ricardo Anaya y Rafael Moreno Valle, de contender por la presidencia en 2018, en representaci\u00f3n del blanquiazul. En entrevista con Pascal Beltr\u00e1n del R\u00edo para Grupo Imagen Multimedia, el mandatario afirm\u00f3 que \u201capostarle a una elecci\u00f3n interna ser\u00eda salir muy fracturados\u201d, por lo que se dijo a favor de un \u201cun gran acuerdo\u201d en Acci\u00f3n Nacional, publica Excelsior.<\/p>\n<p>&nbsp;<\/p>\n<p>Dijo que los tres aspirantes panistas han hecho un buen trabajo y \u201choy tenemos mucha posibilidad de regresar en 2018 pero hay que hacerlo pensando en M\u00e9xico y en los ciudadanos, no es necesariamente un tema de poder. Desde mi punto de vista, lo peor que le puede pasar a Acci\u00f3n Nacional es que nos gane la guerra de grupos y los intereses personales\u201d, afirm\u00f3. En el tema del recorte al presupuesto incluido en el Paquete Econ\u00f3mico 2017, el gobernador extern\u00f3 su preocupaci\u00f3n de que estos ajustes se dirijan a \u00e1reas de inversi\u00f3n, campo, salud, seguridad y educaci\u00f3n.<\/p>\n<p>&nbsp;<\/p>\n<p>Al respecto, explic\u00f3 que la pol\u00edtica p\u00fablica de su gobierno ha sido la de recortar el gasto a \u201caquello que no abone a la transformaci\u00f3n del estado\u201d a fin de que Guanajuato siga generando infraestructura y contin\u00fae su desarrollo. Por otra parte, al ser cuestionado sobre los terrenos que fueron comprados a ejidatarios en el municipio de Apaseo el Grande, y que despu\u00e9s su gobierno otorg\u00f3 a la trasnacional Toyota, Miguel M\u00e1rquez rechaz\u00f3 que \u00e9ste sea un caso como el de la empresa Kia, en Nuevo Le\u00f3n.<\/p>\n","protected":false},"excerpt":{"rendered":"<p>&nbsp; Como un gran riesgo para el PAN calific\u00f3 asegur\u00f3 el gobernador de Guanajuato Miguel M\u00e1rquez la intenci\u00f3n de Margarita Zavala, Ricardo Anaya y Rafael Moreno Valle, de contender por la presidencia en 2018, en representaci\u00f3n del blanquiazul. En entrevista con Pascal Beltr\u00e1n del R\u00edo para Grupo Imagen Multimedia, el mandatario afirm\u00f3 que \u201capostarle a &hellip; <\/p>\n<p><a class=\"more-link btn\" href=\"https:\/\/lamendigapolitica.com\/?p=41051\">Seguir leyendo<\/a><\/p>\n","protected":false},"author":1,"featured_media":0,"comment_status":"open","ping_status":"closed","sticky":false,"template":"","format":"standard","meta":{"footnotes":""},"categories":[6,20,5,3],"tags":[],"class_list":["post-41051","post","type-post","status-publish","format-standard","hentry","category-congreso","category-gobierno","category-partidos","category-politica","item-wrap"],"_links":{"self":[{"href":"https:\/\/lamendigapolitica.com\/index.php?rest_route=\/wp\/v2\/posts\/41051","targetHints":{"allow":["GET"]}}],"collection":[{"href":"https:\/\/lamendigapolitica.com\/index.php?rest_route=\/wp\/v2\/posts"}],"about":[{"href":"https:\/\/lamendigapolitica.com\/index.php?rest_route=\/wp\/v2\/types\/post"}],"author":[{"embeddable":true,"href":"https:\/\/lamendigapolitica.com\/index.php?rest_route=\/wp\/v2\/users\/1"}],"replies":[{"embeddable":true,"href":"https:\/\/lamendigapolitica.com\/index.php?rest_route=%2Fwp%2Fv2%2Fcomments&post=41051"}],"version-history":[{"count":1,"href":"https:\/\/lamendigapolitica.com\/index.php?rest_route=\/wp\/v2\/posts\/41051\/revisions"}],"predecessor-version":[{"id":41053,"href":"https:\/\/lamendigapolitica.com\/index.php?rest_route=\/wp\/v2\/posts\/41051\/revisions\/41053"}],"wp:attachment":[{"href":"https:\/\/lamendigapolitica.com\/index.php?rest_route=%2Fwp%2Fv2%2Fmedia&parent=41051"}],"wp:term":[{"taxonomy":"category","embeddable":true,"href":"https:\/\/lamendigapolitica.com\/index.php?rest_route=%2Fwp%2Fv2%2Fcategories&post=41051"},{"taxonomy":"post_tag","embeddable":true,"href":"https:\/\/lamendigapolitica.com\/index.php?rest_route=%2Fwp%2Fv2%2Ftags&post=41051"}],"curies":[{"name":"wp","href":"https:\/\/api.w.org\/{rel}","templated":true}]}}