{"id":41048,"date":"2016-09-15T09:37:44","date_gmt":"2016-09-15T14:37:44","guid":{"rendered":"http:\/\/lamendigapolitica.com\/blog\/?p=41048"},"modified":"2016-09-15T09:37:44","modified_gmt":"2016-09-15T14:37:44","slug":"regidortrabajando-presume-donacion-de-platos-desechables","status":"publish","type":"post","link":"https:\/\/lamendigapolitica.com\/?p=41048","title":{"rendered":"#RegidorTrabajando; presume &#8216;donaci\u00f3n&#8217; de platos desechables"},"content":{"rendered":"<p><a href=\"https:\/\/lamendigapolitica.com\/blog\/blog\/wp-content\/uploads\/2016\/09\/regidor.jpg\" rel=\"attachment wp-att-41049\"><img loading=\"lazy\" decoding=\"async\" class=\"aligncenter  wp-image-41049\" src=\"https:\/\/lamendigapolitica.com\/blog\/blog\/wp-content\/uploads\/2016\/09\/regidor.jpg\" alt=\"regidor\" width=\"363\" height=\"272\" \/><\/a><\/p>\n<p>&nbsp;<\/p>\n<p>El regidor del PRI en el ayuntamiento de Tula, Jos\u00e9 Miguel Rodr\u00edguez Dorantes, presumi\u00f3 una gesti\u00f3n de platos de pl\u00e1stico que \u201cdon\u00f3\u201d a una escuela primaria de la localidad, situaci\u00f3n que le ha acarreado una serie de cr\u00edticas y burlas entre la poblaci\u00f3n.<\/p>\n<p>&nbsp;<\/p>\n<p>El propio funcionario fue quien tuvo el desatino de presumir en las redes sociales su \u201ctrabajo\u201d, en beneficio de la escuela L\u00e1zaro C\u00e1rdenas, de la comunidad de Santa Mar\u00eda Ilucan.<\/p>\n<p>&nbsp;<\/p>\n<p>\u201cHoy entregamos con apoyo y gesti\u00f3n de do\u00f1a Plasida (sic)\u00a0 en la escuela L\u00e1zaro C\u00e1rdenas\u00a0 en Santa mar\u00eda Ilucan.\u00a0 Unos platos para el comedor escolar\u201d, fue el mensaje que poste\u00f3 el asamble\u00edsta municipal, junto a una fotograf\u00eda en donde se ve a cinco mujeres y un hombre posar cargando los platos que les fueron \u201cdonados\u00bb.<\/p>\n<p>&nbsp;<\/p>\n<p>El regidor priista adem\u00e1s cre\u00f3 el hashtag #regidorTrabajando para dar a conocer su logro, lo que gener\u00f3 duras cr\u00edticas y burlas entre los internautas.<\/p>\n","protected":false},"excerpt":{"rendered":"<p>&nbsp; El regidor del PRI en el ayuntamiento de Tula, Jos\u00e9 Miguel Rodr\u00edguez Dorantes, presumi\u00f3 una gesti\u00f3n de platos de pl\u00e1stico que \u201cdon\u00f3\u201d a una escuela primaria de la localidad, situaci\u00f3n que le ha acarreado una serie de cr\u00edticas y burlas entre la poblaci\u00f3n. &nbsp; El propio funcionario fue quien tuvo el desatino de presumir &hellip; <\/p>\n<p><a class=\"more-link btn\" href=\"https:\/\/lamendigapolitica.com\/?p=41048\">Seguir leyendo<\/a><\/p>\n","protected":false},"author":1,"featured_media":0,"comment_status":"open","ping_status":"closed","sticky":false,"template":"","format":"standard","meta":{"footnotes":""},"categories":[6,20,5,3],"tags":[],"class_list":["post-41048","post","type-post","status-publish","format-standard","hentry","category-congreso","category-gobierno","category-partidos","category-politica","item-wrap"],"_links":{"self":[{"href":"https:\/\/lamendigapolitica.com\/index.php?rest_route=\/wp\/v2\/posts\/41048","targetHints":{"allow":["GET"]}}],"collection":[{"href":"https:\/\/lamendigapolitica.com\/index.php?rest_route=\/wp\/v2\/posts"}],"about":[{"href":"https:\/\/lamendigapolitica.com\/index.php?rest_route=\/wp\/v2\/types\/post"}],"author":[{"embeddable":true,"href":"https:\/\/lamendigapolitica.com\/index.php?rest_route=\/wp\/v2\/users\/1"}],"replies":[{"embeddable":true,"href":"https:\/\/lamendigapolitica.com\/index.php?rest_route=%2Fwp%2Fv2%2Fcomments&post=41048"}],"version-history":[{"count":1,"href":"https:\/\/lamendigapolitica.com\/index.php?rest_route=\/wp\/v2\/posts\/41048\/revisions"}],"predecessor-version":[{"id":41050,"href":"https:\/\/lamendigapolitica.com\/index.php?rest_route=\/wp\/v2\/posts\/41048\/revisions\/41050"}],"wp:attachment":[{"href":"https:\/\/lamendigapolitica.com\/index.php?rest_route=%2Fwp%2Fv2%2Fmedia&parent=41048"}],"wp:term":[{"taxonomy":"category","embeddable":true,"href":"https:\/\/lamendigapolitica.com\/index.php?rest_route=%2Fwp%2Fv2%2Fcategories&post=41048"},{"taxonomy":"post_tag","embeddable":true,"href":"https:\/\/lamendigapolitica.com\/index.php?rest_route=%2Fwp%2Fv2%2Ftags&post=41048"}],"curies":[{"name":"wp","href":"https:\/\/api.w.org\/{rel}","templated":true}]}}