{"id":41042,"date":"2016-09-15T09:09:11","date_gmt":"2016-09-15T14:09:11","guid":{"rendered":"http:\/\/lamendigapolitica.com\/blog\/?p=41042"},"modified":"2016-09-15T09:09:11","modified_gmt":"2016-09-15T14:09:11","slug":"ignora-17-de-que-pais-se-independizo-mexico","status":"publish","type":"post","link":"https:\/\/lamendigapolitica.com\/?p=41042","title":{"rendered":"Ignora 17% de qu\u00e9 pa\u00eds se independiz\u00f3 M\u00e9xico"},"content":{"rendered":"<p><a href=\"https:\/\/lamendigapolitica.com\/blog\/blog\/wp-content\/uploads\/2016\/09\/festejos.jpg\" rel=\"attachment wp-att-41043\"><img loading=\"lazy\" decoding=\"async\" class=\"aligncenter  wp-image-41043\" src=\"https:\/\/lamendigapolitica.com\/blog\/blog\/wp-content\/uploads\/2016\/09\/festejos.jpg\" alt=\"festejos\" width=\"371\" height=\"247\" \/><\/a><\/p>\n<p>&nbsp;<\/p>\n<p>Para los capitalinos, la Independencia de M\u00e9xico les remite a la Libertad y la Historia, aunque buena parte de ellos ignoran de qu\u00e9 pa\u00eds nos independizamos, publica hoy 24 Horas.<\/p>\n<p>&nbsp;<\/p>\n<p>De acuerdo con una encuesta realizada por Gii360 Grupo Impacto, 50.91% de los participantes piensa en Libertad e Historia cuando se le menciona la independencia de M\u00e9xico, mientras que el 16.35% se remite a los d\u00edas de asueto. Un dato curioso que arroj\u00f3 la encuesta es que casi el 17% de los interrogados cree que M\u00e9xico logr\u00f3 su independencia de Estados Unidos y el mismo porcentaje ignora o no respondi\u00f3 de qu\u00e9 naci\u00f3n se independiz\u00f3 M\u00e9xico en 1821.<\/p>\n<p>&nbsp;<\/p>\n<p>Por otra parte, los participantes tienen muy claro dos cosas: Miguel Hidalgo y Costilla es el padre de la patria con\u00a0 97.14% y que la guerra comenz\u00f3 en 1810 con 81.56% de las respuestas. Cabe destacar que s\u00f3lo 27% considera que lo m\u00e1s tradicional es salir a dar el grito a las plazas p\u00fablicas y el 41% prefiere una cena mexicana con la familia y amigos.<\/p>\n","protected":false},"excerpt":{"rendered":"<p>&nbsp; Para los capitalinos, la Independencia de M\u00e9xico les remite a la Libertad y la Historia, aunque buena parte de ellos ignoran de qu\u00e9 pa\u00eds nos independizamos, publica hoy 24 Horas. &nbsp; De acuerdo con una encuesta realizada por Gii360 Grupo Impacto, 50.91% de los participantes piensa en Libertad e Historia cuando se le menciona &hellip; <\/p>\n<p><a class=\"more-link btn\" href=\"https:\/\/lamendigapolitica.com\/?p=41042\">Seguir leyendo<\/a><\/p>\n","protected":false},"author":1,"featured_media":0,"comment_status":"open","ping_status":"closed","sticky":false,"template":"","format":"standard","meta":{"footnotes":""},"categories":[6,28,20,5,3,22],"tags":[],"class_list":["post-41042","post","type-post","status-publish","format-standard","hentry","category-congreso","category-educacion","category-gobierno","category-partidos","category-politica","category-sociales","item-wrap"],"_links":{"self":[{"href":"https:\/\/lamendigapolitica.com\/index.php?rest_route=\/wp\/v2\/posts\/41042","targetHints":{"allow":["GET"]}}],"collection":[{"href":"https:\/\/lamendigapolitica.com\/index.php?rest_route=\/wp\/v2\/posts"}],"about":[{"href":"https:\/\/lamendigapolitica.com\/index.php?rest_route=\/wp\/v2\/types\/post"}],"author":[{"embeddable":true,"href":"https:\/\/lamendigapolitica.com\/index.php?rest_route=\/wp\/v2\/users\/1"}],"replies":[{"embeddable":true,"href":"https:\/\/lamendigapolitica.com\/index.php?rest_route=%2Fwp%2Fv2%2Fcomments&post=41042"}],"version-history":[{"count":1,"href":"https:\/\/lamendigapolitica.com\/index.php?rest_route=\/wp\/v2\/posts\/41042\/revisions"}],"predecessor-version":[{"id":41044,"href":"https:\/\/lamendigapolitica.com\/index.php?rest_route=\/wp\/v2\/posts\/41042\/revisions\/41044"}],"wp:attachment":[{"href":"https:\/\/lamendigapolitica.com\/index.php?rest_route=%2Fwp%2Fv2%2Fmedia&parent=41042"}],"wp:term":[{"taxonomy":"category","embeddable":true,"href":"https:\/\/lamendigapolitica.com\/index.php?rest_route=%2Fwp%2Fv2%2Fcategories&post=41042"},{"taxonomy":"post_tag","embeddable":true,"href":"https:\/\/lamendigapolitica.com\/index.php?rest_route=%2Fwp%2Fv2%2Ftags&post=41042"}],"curies":[{"name":"wp","href":"https:\/\/api.w.org\/{rel}","templated":true}]}}