{"id":41035,"date":"2016-09-14T18:59:45","date_gmt":"2016-09-14T23:59:45","guid":{"rendered":"http:\/\/lamendigapolitica.com\/blog\/?p=41035"},"modified":"2016-09-14T18:59:45","modified_gmt":"2016-09-14T23:59:45","slug":"sancionaran-a-responsables-de-agresion-en-fiscalia","status":"publish","type":"post","link":"https:\/\/lamendigapolitica.com\/?p=41035","title":{"rendered":"Sancionar\u00e1n a responsables de agresi\u00f3n en F\u00edscal\u00eda"},"content":{"rendered":"<p><a href=\"https:\/\/lamendigapolitica.com\/blog\/blog\/wp-content\/uploads\/2016\/09\/fiscalia-1.jpg\" rel=\"attachment wp-att-41036\"><img loading=\"lazy\" decoding=\"async\" class=\"aligncenter  wp-image-41036\" src=\"https:\/\/lamendigapolitica.com\/blog\/blog\/wp-content\/uploads\/2016\/09\/fiscalia-1.jpg\" alt=\"fiscalia\" width=\"355\" height=\"215\" \/><\/a><\/p>\n<p>&nbsp;<\/p>\n<p>Un relajamiento en la seguridad del edificio de la calle 14 en donde se desarroll\u00f3 un tiroteo y result\u00f3 muerta una empleada de la Fiscal\u00eda y heridas tres personas m\u00e1s fueron la cusa que permitieron que el agresor ingresara fuertemente armado al mismo, reconoci\u00f3 el Fiscal General de Jalisco, Eduardo Almaguer Ram\u00edrez quien al igual que el gobernador, Arist\u00f3teles Sandoval, advirti\u00f3 que habr\u00e1 sanciones para quienes no revisaron al agresor, por ser ampliamente conocido en el lugar.<\/p>\n<p>&nbsp;<\/p>\n<p>Entre las v\u00edctimas se encuentran Mar\u00eda Ver\u00f3nica Garc\u00eda Carmona, de 58 a\u00f1os quien perdi\u00f3 la vida as\u00ed como \u00a0una de las heridas es Elizabeth Flores S\u00e1nchez, de 43, quien est\u00e1 siendo intervenida en la Cl\u00ednica 46 del IMSS y Araceli Bautista Rocha, de 47 a\u00f1os, y Laura Casta\u00f1eda Amaral, de\u00a0 45, quien fueron internadas en el Hospital Real San Jos\u00e9. Las tres primeras trabajadoras sociales, mientras que la \u00faltima, agente del Ministerio P\u00fablico.<\/p>\n<p>&nbsp;<\/p>\n<p>El agresor<\/p>\n<p>As\u00ed mismo el Fiscal General\u00a0 identific\u00f3 a Luis Homero \u00c1guila, de 56 a\u00f1os como el atacante en las oficinas de calle 14 quien aparentemente manten\u00eda una queja y un litigio contra un dentista que en 2002 y tras un chequeo de rutina, le caus\u00f3 graves lesiones y dolores dentales. Y que se hab\u00eda quejado constantemente del poco progreso de su queja.<\/p>\n","protected":false},"excerpt":{"rendered":"<p>&nbsp; Un relajamiento en la seguridad del edificio de la calle 14 en donde se desarroll\u00f3 un tiroteo y result\u00f3 muerta una empleada de la Fiscal\u00eda y heridas tres personas m\u00e1s fueron la cusa que permitieron que el agresor ingresara fuertemente armado al mismo, reconoci\u00f3 el Fiscal General de Jalisco, Eduardo Almaguer Ram\u00edrez quien al &hellip; <\/p>\n<p><a class=\"more-link btn\" href=\"https:\/\/lamendigapolitica.com\/?p=41035\">Seguir leyendo<\/a><\/p>\n","protected":false},"author":1,"featured_media":0,"comment_status":"open","ping_status":"closed","sticky":false,"template":"","format":"standard","meta":{"footnotes":""},"categories":[6,20,5,3,27],"tags":[],"class_list":["post-41035","post","type-post","status-publish","format-standard","hentry","category-congreso","category-gobierno","category-partidos","category-politica","category-seguridad","item-wrap"],"_links":{"self":[{"href":"https:\/\/lamendigapolitica.com\/index.php?rest_route=\/wp\/v2\/posts\/41035","targetHints":{"allow":["GET"]}}],"collection":[{"href":"https:\/\/lamendigapolitica.com\/index.php?rest_route=\/wp\/v2\/posts"}],"about":[{"href":"https:\/\/lamendigapolitica.com\/index.php?rest_route=\/wp\/v2\/types\/post"}],"author":[{"embeddable":true,"href":"https:\/\/lamendigapolitica.com\/index.php?rest_route=\/wp\/v2\/users\/1"}],"replies":[{"embeddable":true,"href":"https:\/\/lamendigapolitica.com\/index.php?rest_route=%2Fwp%2Fv2%2Fcomments&post=41035"}],"version-history":[{"count":1,"href":"https:\/\/lamendigapolitica.com\/index.php?rest_route=\/wp\/v2\/posts\/41035\/revisions"}],"predecessor-version":[{"id":41037,"href":"https:\/\/lamendigapolitica.com\/index.php?rest_route=\/wp\/v2\/posts\/41035\/revisions\/41037"}],"wp:attachment":[{"href":"https:\/\/lamendigapolitica.com\/index.php?rest_route=%2Fwp%2Fv2%2Fmedia&parent=41035"}],"wp:term":[{"taxonomy":"category","embeddable":true,"href":"https:\/\/lamendigapolitica.com\/index.php?rest_route=%2Fwp%2Fv2%2Fcategories&post=41035"},{"taxonomy":"post_tag","embeddable":true,"href":"https:\/\/lamendigapolitica.com\/index.php?rest_route=%2Fwp%2Fv2%2Ftags&post=41035"}],"curies":[{"name":"wp","href":"https:\/\/api.w.org\/{rel}","templated":true}]}}