{"id":41023,"date":"2016-09-14T18:22:18","date_gmt":"2016-09-14T23:22:18","guid":{"rendered":"http:\/\/lamendigapolitica.com\/blog\/?p=41023"},"modified":"2016-09-14T18:22:18","modified_gmt":"2016-09-14T23:22:18","slug":"aristoteles-pide-defender-presupuesto-del-fondo-metropolitano","status":"publish","type":"post","link":"https:\/\/lamendigapolitica.com\/?p=41023","title":{"rendered":"Arist\u00f3teles pide defender presupuesto del Fondo Metropolitano"},"content":{"rendered":"<p><a href=\"https:\/\/lamendigapolitica.com\/blog\/blog\/wp-content\/uploads\/2016\/09\/29680949725_f03e6b462e_z.jpg\" rel=\"attachment wp-att-41024\"><img loading=\"lazy\" decoding=\"async\" class=\"aligncenter  wp-image-41024\" src=\"https:\/\/lamendigapolitica.com\/blog\/blog\/wp-content\/uploads\/2016\/09\/29680949725_f03e6b462e_z.jpg\" alt=\"29680949725_f03e6b462e_z\" width=\"385\" height=\"244\" srcset=\"https:\/\/lamendigapolitica.com\/wp-content\/uploads\/2016\/09\/29680949725_f03e6b462e_z.jpg 640w, https:\/\/lamendigapolitica.com\/wp-content\/uploads\/2016\/09\/29680949725_f03e6b462e_z-300x190.jpg 300w\" sizes=\"auto, (max-width: 385px) 100vw, 385px\" \/><\/a><\/p>\n<p>&nbsp;<\/p>\n<p>El Gobernador del Estado de Jalisco, Arist\u00f3teles Sandoval, convoc\u00f3 a funcionarios p\u00fablicos de los tres niveles de gobierno y representantes pol\u00edticos a presentar al Congreso de la Uni\u00f3n la propuesta para \u201cdefender el presupuesto del Fondo Metropolitano que le corresponde a los jaliscienses\u201d.<\/p>\n<p>&nbsp;<\/p>\n<p>Durante su discurso en el Primer Informe de la Presidenta Municipal de San Pedro Tlaquepaque, Mar\u00eda Elena Lim\u00f3n, el gobernador enfatiz\u00f3 su compromiso de seguir invirtiendo recursos en el \u00c1rea Metropolitana de Guadalajara. \u201cQuiero comprometerme a seguir invirtiendo en San Pedro, donde invito a todos los presidentes municipales, diputados federales, de todos los partidos pol\u00edticos a que juntos podamos presentar la propuesta, ir al Congreso de la Uni\u00f3n y defender el presupuesto del Fondo Metropolitano que le corresponde a los jaliscienses, que la corresponde a esta \u00c1rea Metropolitana de Guadalajara\u201d, dijo.<\/p>\n<p>&nbsp;<\/p>\n<p>As\u00ed mismo dijo que se continuar\u00e1 el trabajo coordinado sin distingos pol\u00edticos en proyectos tanto de movilidad sustentable, como MiBici, hasta el total apoyo en materia de desarrollo social con programas como la Caravana Mujeres Avanzando Rumbo al Bienestar, capacitaci\u00f3n de oficios para este sector por parte del IDEFT, entre otras iniciativas que empoderan a la mujer jalisciense.<\/p>\n","protected":false},"excerpt":{"rendered":"<p>&nbsp; El Gobernador del Estado de Jalisco, Arist\u00f3teles Sandoval, convoc\u00f3 a funcionarios p\u00fablicos de los tres niveles de gobierno y representantes pol\u00edticos a presentar al Congreso de la Uni\u00f3n la propuesta para \u201cdefender el presupuesto del Fondo Metropolitano que le corresponde a los jaliscienses\u201d. &nbsp; Durante su discurso en el Primer Informe de la Presidenta &hellip; <\/p>\n<p><a class=\"more-link btn\" href=\"https:\/\/lamendigapolitica.com\/?p=41023\">Seguir leyendo<\/a><\/p>\n","protected":false},"author":1,"featured_media":0,"comment_status":"open","ping_status":"closed","sticky":false,"template":"","format":"standard","meta":{"footnotes":""},"categories":[6,20,5,3],"tags":[],"class_list":["post-41023","post","type-post","status-publish","format-standard","hentry","category-congreso","category-gobierno","category-partidos","category-politica","item-wrap"],"_links":{"self":[{"href":"https:\/\/lamendigapolitica.com\/index.php?rest_route=\/wp\/v2\/posts\/41023","targetHints":{"allow":["GET"]}}],"collection":[{"href":"https:\/\/lamendigapolitica.com\/index.php?rest_route=\/wp\/v2\/posts"}],"about":[{"href":"https:\/\/lamendigapolitica.com\/index.php?rest_route=\/wp\/v2\/types\/post"}],"author":[{"embeddable":true,"href":"https:\/\/lamendigapolitica.com\/index.php?rest_route=\/wp\/v2\/users\/1"}],"replies":[{"embeddable":true,"href":"https:\/\/lamendigapolitica.com\/index.php?rest_route=%2Fwp%2Fv2%2Fcomments&post=41023"}],"version-history":[{"count":1,"href":"https:\/\/lamendigapolitica.com\/index.php?rest_route=\/wp\/v2\/posts\/41023\/revisions"}],"predecessor-version":[{"id":41025,"href":"https:\/\/lamendigapolitica.com\/index.php?rest_route=\/wp\/v2\/posts\/41023\/revisions\/41025"}],"wp:attachment":[{"href":"https:\/\/lamendigapolitica.com\/index.php?rest_route=%2Fwp%2Fv2%2Fmedia&parent=41023"}],"wp:term":[{"taxonomy":"category","embeddable":true,"href":"https:\/\/lamendigapolitica.com\/index.php?rest_route=%2Fwp%2Fv2%2Fcategories&post=41023"},{"taxonomy":"post_tag","embeddable":true,"href":"https:\/\/lamendigapolitica.com\/index.php?rest_route=%2Fwp%2Fv2%2Ftags&post=41023"}],"curies":[{"name":"wp","href":"https:\/\/api.w.org\/{rel}","templated":true}]}}