{"id":41015,"date":"2016-09-14T15:31:14","date_gmt":"2016-09-14T20:31:14","guid":{"rendered":"http:\/\/lamendigapolitica.com\/blog\/?p=41015"},"modified":"2016-09-14T15:31:14","modified_gmt":"2016-09-14T20:31:14","slug":"lucha-libre-mexicana-deporte-espectaculo-folklor-y-desahogo-de-emociones","status":"publish","type":"post","link":"https:\/\/lamendigapolitica.com\/?p=41015","title":{"rendered":"Lucha libre mexicana: deporte, espect\u00e1culo, folklor y desahogo de emociones"},"content":{"rendered":"<p><a href=\"https:\/\/lamendigapolitica.com\/blog\/blog\/wp-content\/uploads\/2016\/09\/IMG-20160523-WA0009-1.jpg\" rel=\"attachment wp-att-41016\"><img loading=\"lazy\" decoding=\"async\" class=\"alignleft size-thumbnail wp-image-41016\" src=\"https:\/\/lamendigapolitica.com\/blog\/blog\/wp-content\/uploads\/2016\/09\/IMG-20160523-WA0009-1-150x150.jpg\" alt=\"img-20160523-wa0009\" width=\"150\" height=\"150\" srcset=\"https:\/\/lamendigapolitica.com\/wp-content\/uploads\/2016\/09\/IMG-20160523-WA0009-1-150x150.jpg 150w, https:\/\/lamendigapolitica.com\/wp-content\/uploads\/2016\/09\/IMG-20160523-WA0009-1-300x300.jpg 300w, https:\/\/lamendigapolitica.com\/wp-content\/uploads\/2016\/09\/IMG-20160523-WA0009-1.jpg 512w\" sizes=\"auto, (max-width: 150px) 100vw, 150px\" \/><\/a><\/p>\n<h3><span style=\"color: #008000;\">EN2RUEDAS\/Jes\u00fas Casillas<\/span><\/h3>\n<p>&nbsp;<\/p>\n<p>&nbsp;<\/p>\n<p>La Lucha Libre Profesional Mexicana es uno de los deportes m\u00e1s emblem\u00e1ticos de M\u00e9xico.<\/p>\n<p>Referida as\u00ed, como \u201cLucha Libre Mexicana\u201d, en virtud de tratarse de una versi\u00f3n muy peculiar, aderezada y particularizada por el toque que en nuestro pa\u00eds se la ha logrado dar a la lucha libre profesional.<\/p>\n<p>El singular llaveo, acrobacias, reglas y el folklor mexicano que se la adicionado a las t\u00e9cnicas generales de lucha libre, la han llevado a tener un espacio distintivo a la lucha de otros pa\u00edses, con una caracterizaci\u00f3n y la creaci\u00f3n de personajes hasta por as\u00ed decirlo, mitol\u00f3gicos de la cultura popular nacional, h\u00e9roes que llegaron incluso, hasta\u00a0 formar parte de las pel\u00edculas m\u00e1s representativas del cine nacional.<\/p>\n<p>Por ello, que la gran mayor\u00eda de especialistas tambi\u00e9n se\u00f1alan que la lucha libre mexicana es un arte, un espect\u00e1culo y una verdadera fiesta en la que se conjugan elementos m\u00edticos, simb\u00f3licos y hasta ling\u00fc\u00edsticos que representan ese folklore mexicano, pues en sus cuadril\u00e1teros conviven personajes que encarnan a demonios y deidades, a la muerte, a protagonistas m\u00edsticos, a alebrijes, a fuerzas naturales, animales majestuosos y hasta excentricidades.<\/p>\n<p>Una verdadera representaci\u00f3n de las fuerzas de poder entre el bien y el mal, cuando los luchadores t\u00e9cnicos encarnan al h\u00e9roe que representa lo bueno y lo correcto y por otro lado, los rudos que representan la traici\u00f3n, la cobard\u00eda y los valores antisociales.<\/p>\n<p>Y ya en esas condiciones, la lucha libre mexicana es tambi\u00e9n, como algunos se\u00f1alan, la m\u00e1s \u201chonesta de las simulaciones\u201d, en un espect\u00e1culo donde coinciden el teatro, la comedia, la actuaci\u00f3n, las llaves y los vuelos.<\/p>\n<p>Pero lo que viene a darle el mejor de los sabores a esta tradicional \u201cpr\u00e1ctica luch\u00edstica\u201d, es definitivamente el ambiente de las porras.<\/p>\n<p>Gritos, ruidos, abucheos, chiflidos, recriminaciones, aspavientos, muecas, ademanes, m\u00edmicas y\u00a0 hasta los m\u00e1s floridos lenguajes hacen de las porras de la lucha libre, unas de las m\u00e1s singulares.<\/p>\n<p>Es ah\u00ed donde el colectivo popular, el p\u00fablico, la afici\u00f3n se vuelca en apoyo de sus favoritos y en reproche de los contrincantes, pero m\u00e1s a\u00fan, convive con los actores desde afuera del cuadril\u00e1tero en un verdadero desahogo de emociones, donde se sueltan todas las cargas y sentimientos m\u00e1s all\u00e1 de las generadas por la lucha misma.<\/p>\n<p>Es la manera m\u00e1s simp\u00e1tica de \u201cdesquitar al psiquiatra\u201d, como dijera un conocido dicho popular.<\/p>\n<p>Algunos historiadores se\u00f1alan que fue en el siglo XIX cuando comenz\u00f3 a gestarse la lucha libre mexicana, aunque como actividad profesional fue en la \u00e9poca postrevolucionaria, entre las d\u00e9cadas de los 1930 y 50\u2019s.<\/p>\n<p>Ah\u00ed tom\u00f3 su personalidad propia, su idiosincrasia, tradici\u00f3n y la consolidaci\u00f3n de los primeros \u00eddolos del pancracio, mientras que entre los a\u00f1os 50\u00b4s y 60\u00b4s, le es reconocida la gran \u00e9poca de oro de la lucha libre profesional mexicana.<\/p>\n<p>Y as\u00ed podemos seguir destacando situaciones de uno de los mejores espect\u00e1culos de M\u00e9xico, incluso, como motor econ\u00f3mico y de desarrollo, considerando los m\u00faltiples empleos que directa e indirectamente genera.<\/p>\n<p>Por ello, un reconocimiento a todas aquellas mujeres y hombres que han dado vida a la lucha libre mexicana.<\/p>\n<p>Que aunque de momento no contamos con un d\u00eda oficial, la importancia nacional que ha tenido esta actividad nos ha llevado a proponer el d\u00eda 21 de septiembre de cada a\u00f1o, como el \u201cD\u00eda Nacional de la Lucha Libre y el Luchador Profesional Mexicano\u201d, en alusi\u00f3n a la fundaci\u00f3n en ese d\u00eda, pero del a\u00f1o 1933, de la primera empresa mexicana dedicada a esta modalidad de deporte y entretenimiento, la Empresa Mexicana de Lucha Libre, hoy conocida como Consejo Mundial de Lucha Libre (CMLL) y a la apertura de la legendaria \u201cArena M\u00e9xico\u201d, conocida en aquel entonces como \u201cArena Modelo\u201d.<\/p>\n<p>El d\u00eda de ayer fue aprobado en C\u00e1mara de Senadores, s\u00f3lo falta lo propio en C\u00e1mara de Diputados, con lo que esperamos pronto el decreto que formalice y oficialice este importante d\u00eda de reconocimiento nacional.<\/p>\n<h3>Senador de la Rep\u00fablica<\/h3>\n<h3>@Jesuscasillas06<\/h3>\n<p>&nbsp;<\/p>\n","protected":false},"excerpt":{"rendered":"<p>EN2RUEDAS\/Jes\u00fas Casillas &nbsp; &nbsp; La Lucha Libre Profesional Mexicana es uno de los deportes m\u00e1s emblem\u00e1ticos de M\u00e9xico. Referida as\u00ed, como \u201cLucha Libre Mexicana\u201d, en virtud de tratarse de una versi\u00f3n muy peculiar, aderezada y particularizada por el toque que en nuestro pa\u00eds se la ha logrado dar a la lucha libre profesional. El singular &hellip; <\/p>\n<p><a class=\"more-link btn\" href=\"https:\/\/lamendigapolitica.com\/?p=41015\">Seguir leyendo<\/a><\/p>\n","protected":false},"author":1,"featured_media":0,"comment_status":"open","ping_status":"closed","sticky":false,"template":"","format":"standard","meta":{"footnotes":""},"categories":[1,6,26,23,30,20,31,5,3,27,24],"tags":[],"class_list":["post-41015","post","type-post","status-publish","format-standard","hentry","category-columnista","category-congreso","category-cultura","category-deportes","category-economia","category-gobierno","category-internacional","category-partidos","category-politica","category-seguridad","category-turismo","item-wrap"],"_links":{"self":[{"href":"https:\/\/lamendigapolitica.com\/index.php?rest_route=\/wp\/v2\/posts\/41015","targetHints":{"allow":["GET"]}}],"collection":[{"href":"https:\/\/lamendigapolitica.com\/index.php?rest_route=\/wp\/v2\/posts"}],"about":[{"href":"https:\/\/lamendigapolitica.com\/index.php?rest_route=\/wp\/v2\/types\/post"}],"author":[{"embeddable":true,"href":"https:\/\/lamendigapolitica.com\/index.php?rest_route=\/wp\/v2\/users\/1"}],"replies":[{"embeddable":true,"href":"https:\/\/lamendigapolitica.com\/index.php?rest_route=%2Fwp%2Fv2%2Fcomments&post=41015"}],"version-history":[{"count":2,"href":"https:\/\/lamendigapolitica.com\/index.php?rest_route=\/wp\/v2\/posts\/41015\/revisions"}],"predecessor-version":[{"id":41018,"href":"https:\/\/lamendigapolitica.com\/index.php?rest_route=\/wp\/v2\/posts\/41015\/revisions\/41018"}],"wp:attachment":[{"href":"https:\/\/lamendigapolitica.com\/index.php?rest_route=%2Fwp%2Fv2%2Fmedia&parent=41015"}],"wp:term":[{"taxonomy":"category","embeddable":true,"href":"https:\/\/lamendigapolitica.com\/index.php?rest_route=%2Fwp%2Fv2%2Fcategories&post=41015"},{"taxonomy":"post_tag","embeddable":true,"href":"https:\/\/lamendigapolitica.com\/index.php?rest_route=%2Fwp%2Fv2%2Ftags&post=41015"}],"curies":[{"name":"wp","href":"https:\/\/api.w.org\/{rel}","templated":true}]}}