{"id":41001,"date":"2016-09-14T10:16:33","date_gmt":"2016-09-14T15:16:33","guid":{"rendered":"http:\/\/lamendigapolitica.com\/blog\/?p=41001"},"modified":"2016-09-14T11:33:34","modified_gmt":"2016-09-14T16:33:34","slug":"efemerides-del-14-de-septiembre","status":"publish","type":"post","link":"https:\/\/lamendigapolitica.com\/?p=41001","title":{"rendered":"Efem\u00e9rides del 14 de septiembre"},"content":{"rendered":"<p><a href=\"https:\/\/lamendigapolitica.com\/blog\/blog\/wp-content\/uploads\/2016\/09\/Morelos.jpg\" rel=\"attachment wp-att-41002\"><img loading=\"lazy\" decoding=\"async\" class=\"aligncenter wp-image-41002\" src=\"https:\/\/lamendigapolitica.com\/blog\/blog\/wp-content\/uploads\/2016\/09\/Morelos.jpg\" alt=\"morelos\" width=\"372\" height=\"263\" \/><\/a><\/p>\n<p>&nbsp;<\/p>\n<p>1224: En el Monte della Verna (Italia) Francisco de As\u00eds dice haber recibido los estigmas de Cristo<\/p>\n<p>&nbsp;<\/p>\n<p>1321: Muere el poeta, fil\u00f3sofo y pensador italiano Dante Alighieri, autor de obras cl\u00e1sicas universales como \u00abLa divina comedia\u00bb y \u00abLa vida nueva\u00bb. Su nacimiento est\u00e1 consignado el 29 de mayo de 1265.<\/p>\n<p>&nbsp;<\/p>\n<p>1769: Nace el naturalista, ge\u00f3logo, mineralista, astr\u00f3nomo, explorador, sism\u00f3logo, vulcanista y dem\u00f3grafo alem\u00e1n Alexander von Humboldt, autor de obras como \u00abKosmos\u00bb y \u00abViaje a las regiones equinocciales del Nuevo Continente\u00bb. Muere el 6 de mayo de 1859.<\/p>\n<p>&nbsp;<\/p>\n<p>1813: En M\u00e9xico, Jos\u00e9 Mar\u00eda Morelos y Pav\u00f3n escribe el documento Sentimientos de la Naci\u00f3n.<\/p>\n<p>&nbsp;<\/p>\n<p>1847: En el marco de la Guerra Mexicano-Estadounidense, Winfield Scott captura la Ciudad de M\u00e9xico.<\/p>\n<p>&nbsp;<\/p>\n<p>1886: Se inventa la cinta de la m\u00e1quina de escribir.<\/p>\n<p>&nbsp;<\/p>\n<p>1896 Nace el cantante y actor mexicano Jos\u00e9 Mojica.<\/p>\n<p>&nbsp;<\/p>\n<p>1920: Ocurre el nacimiento del escritor uruguayo Mario Benedetti, autor de cuentos, novelas y poemas, entre los que sobresalen \u00abEl cumplea\u00f1os de Juan Angel\u00bb, \u00abLa tregua\u00bb, \u00abGracias por el fuego\u00bb, \u00abEl escritor latinoamericano y la revoluci\u00f3n posible\u00bb y \u00abMontevideanos\u00bb. Muere el 17 de mayo de 2009.<\/p>\n<p>&nbsp;<\/p>\n<p>1927: Pierde la vida en Niza, Francia, la bailarina estadounidense Isadora Duncan, pionera de la danza contempor\u00e1nea y del ballet moderno.<\/p>\n<p>&nbsp;<\/p>\n<p>1928: Llega a este mundo el fot\u00f3grafo cubano Alberto D\u00edaz Guti\u00e9rrez, \u00abKorda\u00bb, quien alcanza la fama mundial al captar una imagen del m\u00e9dico, pol\u00edtico y revolucionario argentino Ernesto \u00abChe\u00bb Guevara. Muere el 25 de mayo de 2001 en Par\u00eds, Francia.<\/p>\n<p>&nbsp;<\/p>\n<p>1928.- Llega a este mundo el fot\u00f3grafo cubano Alberto D\u00edaz Guti\u00e9rrez, \u00abKorda\u00bb, quien alcanza la fama mundial al captar una imagen del m\u00e9dico, pol\u00edtico y revolucionario argentino Ernesto \u00abChe\u00bb Guevara. Muere el 25 de mayo de 2001 en Par\u00eds, Francia.<\/p>\n<p>&nbsp;<\/p>\n<p>1968: en San Miguel Canoa (M\u00e9xico), la poblaci\u00f3n lincha a cinco trabajadores de la Benem\u00e9rita Universidad Aut\u00f3noma de Puebla. En 1975 se realizar\u00e1 la pel\u00edcula Canoa: memoria de un hecho vergonzoso, que recontar\u00e1 los hechos.<\/p>\n","protected":false},"excerpt":{"rendered":"<p>&nbsp; 1224: En el Monte della Verna (Italia) Francisco de As\u00eds dice haber recibido los estigmas de Cristo &nbsp; 1321: Muere el poeta, fil\u00f3sofo y pensador italiano Dante Alighieri, autor de obras cl\u00e1sicas universales como \u00abLa divina comedia\u00bb y \u00abLa vida nueva\u00bb. Su nacimiento est\u00e1 consignado el 29 de mayo de 1265. &nbsp; 1769: Nace &hellip; <\/p>\n<p><a class=\"more-link btn\" href=\"https:\/\/lamendigapolitica.com\/?p=41001\">Seguir leyendo<\/a><\/p>\n","protected":false},"author":1,"featured_media":0,"comment_status":"open","ping_status":"closed","sticky":false,"template":"","format":"standard","meta":{"footnotes":""},"categories":[26,28,20,31,22],"tags":[],"class_list":["post-41001","post","type-post","status-publish","format-standard","hentry","category-cultura","category-educacion","category-gobierno","category-internacional","category-sociales","item-wrap"],"_links":{"self":[{"href":"https:\/\/lamendigapolitica.com\/index.php?rest_route=\/wp\/v2\/posts\/41001","targetHints":{"allow":["GET"]}}],"collection":[{"href":"https:\/\/lamendigapolitica.com\/index.php?rest_route=\/wp\/v2\/posts"}],"about":[{"href":"https:\/\/lamendigapolitica.com\/index.php?rest_route=\/wp\/v2\/types\/post"}],"author":[{"embeddable":true,"href":"https:\/\/lamendigapolitica.com\/index.php?rest_route=\/wp\/v2\/users\/1"}],"replies":[{"embeddable":true,"href":"https:\/\/lamendigapolitica.com\/index.php?rest_route=%2Fwp%2Fv2%2Fcomments&post=41001"}],"version-history":[{"count":3,"href":"https:\/\/lamendigapolitica.com\/index.php?rest_route=\/wp\/v2\/posts\/41001\/revisions"}],"predecessor-version":[{"id":41014,"href":"https:\/\/lamendigapolitica.com\/index.php?rest_route=\/wp\/v2\/posts\/41001\/revisions\/41014"}],"wp:attachment":[{"href":"https:\/\/lamendigapolitica.com\/index.php?rest_route=%2Fwp%2Fv2%2Fmedia&parent=41001"}],"wp:term":[{"taxonomy":"category","embeddable":true,"href":"https:\/\/lamendigapolitica.com\/index.php?rest_route=%2Fwp%2Fv2%2Fcategories&post=41001"},{"taxonomy":"post_tag","embeddable":true,"href":"https:\/\/lamendigapolitica.com\/index.php?rest_route=%2Fwp%2Fv2%2Ftags&post=41001"}],"curies":[{"name":"wp","href":"https:\/\/api.w.org\/{rel}","templated":true}]}}