{"id":40995,"date":"2016-09-14T09:48:29","date_gmt":"2016-09-14T14:48:29","guid":{"rendered":"http:\/\/lamendigapolitica.com\/blog\/?p=40995"},"modified":"2016-09-14T09:48:50","modified_gmt":"2016-09-14T14:48:50","slug":"lista-feria-del-libro-de-antropologia-e-historia","status":"publish","type":"post","link":"https:\/\/lamendigapolitica.com\/?p=40995","title":{"rendered":"Lista  Feria del Libro de Antropolog\u00eda e Historia"},"content":{"rendered":"<p><a href=\"https:\/\/lamendigapolitica.com\/blog\/blog\/wp-content\/uploads\/2016\/09\/antroplogia.jpg\" rel=\"attachment wp-att-40996\"><img loading=\"lazy\" decoding=\"async\" class=\"aligncenter wp-image-40996\" src=\"https:\/\/lamendigapolitica.com\/blog\/blog\/wp-content\/uploads\/2016\/09\/antroplogia.jpg\" alt=\"antroplogia\" width=\"452\" height=\"207\" srcset=\"https:\/\/lamendigapolitica.com\/wp-content\/uploads\/2016\/09\/antroplogia.jpg 332w, https:\/\/lamendigapolitica.com\/wp-content\/uploads\/2016\/09\/antroplogia-300x137.jpg 300w\" sizes=\"auto, (max-width: 452px) 100vw, 452px\" \/><\/a><\/p>\n<p>&nbsp;<\/p>\n<p>Con un homenaje a Miguel Le\u00f3nPortilla, una conferencia del antrop\u00f3logo franc\u00e9s Marc Aug\u00e9 y los tradicionales encuentros de libros en lenguas ind\u00edgenas, de arqueolog\u00eda, lenguas en peligro de extinci\u00f3n y de m\u00fasica tradicional, as\u00ed como la presencia de 13 editoriales guatemaltecas y 77 mexicanas, formar\u00e1n parte de la oferta cultural que ofrecer\u00e1 la XXVII edici\u00f3n de la Feria Internacional del Libro de Antropolog\u00eda e Historia (FILAH), que este a\u00f1o se desarrollar\u00e1 del 22 de septiembre al 2 de octubre pr\u00f3ximo, informa hoy Excelsior.<\/p>\n<p>&nbsp;<\/p>\n<p>Ser\u00e1 una feria llena de sentimiento y cultura maya\u201d, afirmo Diego Prieto, quien se hace cargo de la direcci\u00f3n del INAH tras la renuncia de Mar\u00eda Teresa Franco en agosto pasado. Este a\u00f1o, la FILAH tiene como invitado especial a Guatemala y a Yucat\u00e1n como estado de honor, ambos territorios mayas. El encuentro librero ha puesto en marcha adem\u00e1s para esta edici\u00f3n una venta nocturna y el Pasaporte FILAH, que entregar\u00e1 un libro a las personas que asistan a cinco presentaciones editoriales distintas.<\/p>\n<p>&nbsp;<\/p>\n<p>La feria busca ser tambi\u00e9n un espacio donde la gente conozca m\u00e1s a la instituci\u00f3n. El INAH es seguramente la instituci\u00f3n cultural m\u00e1s conocida y reconocida de M\u00e9xico, pero francamente muchas veces la gente no tiene lo suficientemente claro la enorme diversidad de actividades que desarrolla. Algunos creen que el INAH es el Museo Nacional de Antropolog\u00eda, algunos m\u00e1s s\u00f3lo creen que es arqueolog\u00eda, que s\u00f3lo es el tema de monumentos y centros hist\u00f3ricos\u201d.<\/p>\n","protected":false},"excerpt":{"rendered":"<p>&nbsp; Con un homenaje a Miguel Le\u00f3nPortilla, una conferencia del antrop\u00f3logo franc\u00e9s Marc Aug\u00e9 y los tradicionales encuentros de libros en lenguas ind\u00edgenas, de arqueolog\u00eda, lenguas en peligro de extinci\u00f3n y de m\u00fasica tradicional, as\u00ed como la presencia de 13 editoriales guatemaltecas y 77 mexicanas, formar\u00e1n parte de la oferta cultural que ofrecer\u00e1 la XXVII &hellip; <\/p>\n<p><a class=\"more-link btn\" href=\"https:\/\/lamendigapolitica.com\/?p=40995\">Seguir leyendo<\/a><\/p>\n","protected":false},"author":1,"featured_media":0,"comment_status":"open","ping_status":"closed","sticky":false,"template":"","format":"standard","meta":{"footnotes":""},"categories":[26,28,20,3,22],"tags":[],"class_list":["post-40995","post","type-post","status-publish","format-standard","hentry","category-cultura","category-educacion","category-gobierno","category-politica","category-sociales","item-wrap"],"_links":{"self":[{"href":"https:\/\/lamendigapolitica.com\/index.php?rest_route=\/wp\/v2\/posts\/40995","targetHints":{"allow":["GET"]}}],"collection":[{"href":"https:\/\/lamendigapolitica.com\/index.php?rest_route=\/wp\/v2\/posts"}],"about":[{"href":"https:\/\/lamendigapolitica.com\/index.php?rest_route=\/wp\/v2\/types\/post"}],"author":[{"embeddable":true,"href":"https:\/\/lamendigapolitica.com\/index.php?rest_route=\/wp\/v2\/users\/1"}],"replies":[{"embeddable":true,"href":"https:\/\/lamendigapolitica.com\/index.php?rest_route=%2Fwp%2Fv2%2Fcomments&post=40995"}],"version-history":[{"count":1,"href":"https:\/\/lamendigapolitica.com\/index.php?rest_route=\/wp\/v2\/posts\/40995\/revisions"}],"predecessor-version":[{"id":40997,"href":"https:\/\/lamendigapolitica.com\/index.php?rest_route=\/wp\/v2\/posts\/40995\/revisions\/40997"}],"wp:attachment":[{"href":"https:\/\/lamendigapolitica.com\/index.php?rest_route=%2Fwp%2Fv2%2Fmedia&parent=40995"}],"wp:term":[{"taxonomy":"category","embeddable":true,"href":"https:\/\/lamendigapolitica.com\/index.php?rest_route=%2Fwp%2Fv2%2Fcategories&post=40995"},{"taxonomy":"post_tag","embeddable":true,"href":"https:\/\/lamendigapolitica.com\/index.php?rest_route=%2Fwp%2Fv2%2Ftags&post=40995"}],"curies":[{"name":"wp","href":"https:\/\/api.w.org\/{rel}","templated":true}]}}