{"id":40986,"date":"2016-09-14T09:04:13","date_gmt":"2016-09-14T14:04:13","guid":{"rendered":"http:\/\/lamendigapolitica.com\/blog\/?p=40986"},"modified":"2016-09-14T09:04:13","modified_gmt":"2016-09-14T14:04:13","slug":"gobierno-y-cnte-podrian-lograr-salida-politica","status":"publish","type":"post","link":"https:\/\/lamendigapolitica.com\/?p=40986","title":{"rendered":"Gobierno y CNTE podr\u00edan lograr \u201csalida pol\u00edtica\u201d"},"content":{"rendered":"<p><a href=\"https:\/\/lamendigapolitica.com\/blog\/blog\/wp-content\/uploads\/2016\/09\/chiapas.jpg\" rel=\"attachment wp-att-40987\"><img loading=\"lazy\" decoding=\"async\" class=\"aligncenter  wp-image-40987\" src=\"https:\/\/lamendigapolitica.com\/blog\/blog\/wp-content\/uploads\/2016\/09\/chiapas.jpg\" alt=\"chiapas\" width=\"355\" height=\"236\" \/><\/a><\/p>\n<p>&nbsp;<\/p>\n<p>Luego de 122 d\u00edas de conflicto, la Coordinadora Nacional de Trabajadores de la Educaci\u00f3n (CNTE) en Chiapas\u00a0 podr\u00eda tener una \u201csalida pol\u00edtica\u201d para llegar a un acuerdo que permita terminar con el conflicto magisterial que incluye el paro de labores en las escuelas de educaci\u00f3n b\u00e1sica de esa entidad, publica en 24 horas.<\/p>\n<p>&nbsp;<\/p>\n<p>De acuerdo con l\u00edderes de la CNTE, ayer el secretario de Desarrollo Social, Enrique Miranda, supuestamente se reuni\u00f3 con representantes de la CNTE, el gobernador Manuel Velasco, el secretario de Educaci\u00f3n estatal, Roberto Dom\u00ednguez, y otros funcionarios estatales, para refrendar los 11 acuerdos a los que hab\u00edan llegado la CNTE y el Gobierno federal cuando Miranda era subsecretario de Gobierno de la Secretar\u00eda de Gobernaci\u00f3n.\u00a0Asimismo, Roberto Dom\u00ednguez, secretario de Educaci\u00f3n en Chiapas, afirm\u00f3 que uno de los acuerdos es que el pr\u00f3ximo lunes los maestros disidentes inicien el ciclo escolar 2016-2017.<\/p>\n<p>&nbsp;<\/p>\n<p>\u201cEn el transcurso del d\u00eda de hoy (ayer) se debe ya levantar el movimiento. Fue lo que platicamos. Est\u00e1n en fiestas patrias, d\u00edas que no se trabajan\u201d, dijo el titular de la SEP local en entrevista en medios. Seg\u00fan la Secci\u00f3n 7, entre los acuerdos tambi\u00e9n est\u00e1 la promesa de que la reforma educativa no se aplicar\u00e1 en Chiapas en lo que resta del sexenio de Enrique Pe\u00f1a Nieto. Esta propuesta gener\u00f3 expectativas entre el magisterio disidente, que convoc\u00f3 a una Asamblea Estatal ayer por la tarde, donde buscar\u00edan una salida pol\u00edtica al conflicto para que regresen a clases en las tres mil 800 escuelas que segu\u00edan en paro.<\/p>\n<p>&nbsp;<\/p>\n<p>\u201cLa huelga nacional contin\u00faa, adoptando otra modalidad de lucha. Esta asamblea estatal determina darle una salida pol\u00edtica a nuestro movimiento\u201d, dice la convocatoria. Esta reuni\u00f3n entre l\u00edderes de la CNTE y maestros se da en el contexto del reforzamiento del plant\u00f3n que los maestros mantienen en el centro de Tuxtla Guti\u00e9rrez y de que la noche del lunes detectaron movilizaci\u00f3n policiaca intensa, aparentemente para desalojarlos de la plaza que ocupan.<\/p>\n","protected":false},"excerpt":{"rendered":"<p>&nbsp; Luego de 122 d\u00edas de conflicto, la Coordinadora Nacional de Trabajadores de la Educaci\u00f3n (CNTE) en Chiapas\u00a0 podr\u00eda tener una \u201csalida pol\u00edtica\u201d para llegar a un acuerdo que permita terminar con el conflicto magisterial que incluye el paro de labores en las escuelas de educaci\u00f3n b\u00e1sica de esa entidad, publica en 24 horas. &nbsp; &hellip; <\/p>\n<p><a class=\"more-link btn\" href=\"https:\/\/lamendigapolitica.com\/?p=40986\">Seguir leyendo<\/a><\/p>\n","protected":false},"author":1,"featured_media":0,"comment_status":"open","ping_status":"closed","sticky":false,"template":"","format":"standard","meta":{"footnotes":""},"categories":[6,28,20,5,3],"tags":[],"class_list":["post-40986","post","type-post","status-publish","format-standard","hentry","category-congreso","category-educacion","category-gobierno","category-partidos","category-politica","item-wrap"],"_links":{"self":[{"href":"https:\/\/lamendigapolitica.com\/index.php?rest_route=\/wp\/v2\/posts\/40986","targetHints":{"allow":["GET"]}}],"collection":[{"href":"https:\/\/lamendigapolitica.com\/index.php?rest_route=\/wp\/v2\/posts"}],"about":[{"href":"https:\/\/lamendigapolitica.com\/index.php?rest_route=\/wp\/v2\/types\/post"}],"author":[{"embeddable":true,"href":"https:\/\/lamendigapolitica.com\/index.php?rest_route=\/wp\/v2\/users\/1"}],"replies":[{"embeddable":true,"href":"https:\/\/lamendigapolitica.com\/index.php?rest_route=%2Fwp%2Fv2%2Fcomments&post=40986"}],"version-history":[{"count":1,"href":"https:\/\/lamendigapolitica.com\/index.php?rest_route=\/wp\/v2\/posts\/40986\/revisions"}],"predecessor-version":[{"id":40988,"href":"https:\/\/lamendigapolitica.com\/index.php?rest_route=\/wp\/v2\/posts\/40986\/revisions\/40988"}],"wp:attachment":[{"href":"https:\/\/lamendigapolitica.com\/index.php?rest_route=%2Fwp%2Fv2%2Fmedia&parent=40986"}],"wp:term":[{"taxonomy":"category","embeddable":true,"href":"https:\/\/lamendigapolitica.com\/index.php?rest_route=%2Fwp%2Fv2%2Fcategories&post=40986"},{"taxonomy":"post_tag","embeddable":true,"href":"https:\/\/lamendigapolitica.com\/index.php?rest_route=%2Fwp%2Fv2%2Ftags&post=40986"}],"curies":[{"name":"wp","href":"https:\/\/api.w.org\/{rel}","templated":true}]}}