{"id":40983,"date":"2016-09-13T18:57:46","date_gmt":"2016-09-13T23:57:46","guid":{"rendered":"http:\/\/lamendigapolitica.com\/blog\/?p=40983"},"modified":"2016-09-13T18:57:46","modified_gmt":"2016-09-13T23:57:46","slug":"rafael-gonzalez-pimienta-como-nuevo-jefe-de-gabinete-de-aristoteles","status":"publish","type":"post","link":"https:\/\/lamendigapolitica.com\/?p=40983","title":{"rendered":"Rafael Gonz\u00e1lez Pimienta como nuevo Jefe de Gabinete de Arist\u00f3teles"},"content":{"rendered":"<p><a href=\"https:\/\/lamendigapolitica.com\/blog\/blog\/wp-content\/uploads\/2016\/09\/29577063151_e9d257c688_z.jpg\" rel=\"attachment wp-att-40984\"><img loading=\"lazy\" decoding=\"async\" class=\"aligncenter  wp-image-40984\" src=\"https:\/\/lamendigapolitica.com\/blog\/blog\/wp-content\/uploads\/2016\/09\/29577063151_e9d257c688_z.jpg\" alt=\"29577063151_e9d257c688_z\" width=\"347\" height=\"220\" srcset=\"https:\/\/lamendigapolitica.com\/wp-content\/uploads\/2016\/09\/29577063151_e9d257c688_z.jpg 640w, https:\/\/lamendigapolitica.com\/wp-content\/uploads\/2016\/09\/29577063151_e9d257c688_z-300x190.jpg 300w\" sizes=\"auto, (max-width: 347px) 100vw, 347px\" \/><\/a><\/p>\n<p>&nbsp;<\/p>\n<p>El Gobernador del Estado, Arist\u00f3teles Sandoval, nombr\u00f3 como nuevo Jefe de Gabinete a Rafael Gonz\u00e1lez Pimienta, en sustituci\u00f3n de Netzahualc\u00f3yotl Ornelas Plascencia quien a su vez se har\u00e1 cargo de la SIOP.<\/p>\n<p>&nbsp;<\/p>\n<p>\u201cHe tomado la decisi\u00f3n de nombrar al licenciado Rafael Gonz\u00e1lez Pimienta como jefe de Gabinete del Gobierno del Estado. Quiero decirles que hay una gran confianza porque tiene una trayectoria s\u00f3lida, con un contenido que siempre ha impulsado para incluir la visi\u00f3n de todos y con resultados y con acuerdos, a trav\u00e9s del di\u00e1logo, resolver lo mejor para el estado desde la trinchera donde \u00e9l ha estado\u201d, manifest\u00f3 en Casa Jalisco el mandatario estatal.<\/p>\n<p>&nbsp;<\/p>\n<p>Rafael Gonz\u00e1lez Pimienta, dijo Sandoval, ha desempe\u00f1ado importantes cargos p\u00fablicos que fortalecer\u00e1n su nuevo mandato. Netzahualc\u00f3yotl Ornelas Plascencia ayer fue nombrado nuevo titular de la Secretar\u00eda de Infraestructura y Obra P\u00fablica (SIOP) del Estado de Jalisco.<\/p>\n<p>&nbsp;<\/p>\n<p>\u201cHa estado en el Gobierno de la Rep\u00fablica en distintos cargos, en diferentes materias, por ello, es que le tenemos una gran confianza para esta etapa tan importante del Gobierno de Jalisco, que pueda ayudarnos pueda fortalecer el trabajo que se est\u00e1 haciendo en la directriz, en el orden y en la agenda que tenemos del gobierno\u201d, destac\u00f3 el ejecutivo.<\/p>\n","protected":false},"excerpt":{"rendered":"<p>&nbsp; El Gobernador del Estado, Arist\u00f3teles Sandoval, nombr\u00f3 como nuevo Jefe de Gabinete a Rafael Gonz\u00e1lez Pimienta, en sustituci\u00f3n de Netzahualc\u00f3yotl Ornelas Plascencia quien a su vez se har\u00e1 cargo de la SIOP. &nbsp; \u201cHe tomado la decisi\u00f3n de nombrar al licenciado Rafael Gonz\u00e1lez Pimienta como jefe de Gabinete del Gobierno del Estado. Quiero decirles &hellip; <\/p>\n<p><a class=\"more-link btn\" href=\"https:\/\/lamendigapolitica.com\/?p=40983\">Seguir leyendo<\/a><\/p>\n","protected":false},"author":1,"featured_media":0,"comment_status":"open","ping_status":"closed","sticky":false,"template":"","format":"standard","meta":{"footnotes":""},"categories":[6,20,5,3],"tags":[],"class_list":["post-40983","post","type-post","status-publish","format-standard","hentry","category-congreso","category-gobierno","category-partidos","category-politica","item-wrap"],"_links":{"self":[{"href":"https:\/\/lamendigapolitica.com\/index.php?rest_route=\/wp\/v2\/posts\/40983","targetHints":{"allow":["GET"]}}],"collection":[{"href":"https:\/\/lamendigapolitica.com\/index.php?rest_route=\/wp\/v2\/posts"}],"about":[{"href":"https:\/\/lamendigapolitica.com\/index.php?rest_route=\/wp\/v2\/types\/post"}],"author":[{"embeddable":true,"href":"https:\/\/lamendigapolitica.com\/index.php?rest_route=\/wp\/v2\/users\/1"}],"replies":[{"embeddable":true,"href":"https:\/\/lamendigapolitica.com\/index.php?rest_route=%2Fwp%2Fv2%2Fcomments&post=40983"}],"version-history":[{"count":1,"href":"https:\/\/lamendigapolitica.com\/index.php?rest_route=\/wp\/v2\/posts\/40983\/revisions"}],"predecessor-version":[{"id":40985,"href":"https:\/\/lamendigapolitica.com\/index.php?rest_route=\/wp\/v2\/posts\/40983\/revisions\/40985"}],"wp:attachment":[{"href":"https:\/\/lamendigapolitica.com\/index.php?rest_route=%2Fwp%2Fv2%2Fmedia&parent=40983"}],"wp:term":[{"taxonomy":"category","embeddable":true,"href":"https:\/\/lamendigapolitica.com\/index.php?rest_route=%2Fwp%2Fv2%2Fcategories&post=40983"},{"taxonomy":"post_tag","embeddable":true,"href":"https:\/\/lamendigapolitica.com\/index.php?rest_route=%2Fwp%2Fv2%2Ftags&post=40983"}],"curies":[{"name":"wp","href":"https:\/\/api.w.org\/{rel}","templated":true}]}}