{"id":40978,"date":"2016-09-13T18:52:22","date_gmt":"2016-09-13T23:52:22","guid":{"rendered":"http:\/\/lamendigapolitica.com\/blog\/?p=40978"},"modified":"2016-09-13T18:54:28","modified_gmt":"2016-09-13T23:54:28","slug":"instalan-el-consejo-municipal-de-desarrollo-urbano-2","status":"publish","type":"post","link":"https:\/\/lamendigapolitica.com\/?p=40978","title":{"rendered":"Pablo Lemus Navarro entrega Primer Informe de su Gobierno en Sesi\u00f3n"},"content":{"rendered":"<p><a href=\"https:\/\/lamendigapolitica.com\/blog\/blog\/wp-content\/uploads\/2016\/09\/29031068234_39aeefdbd9_z.jpg\" rel=\"attachment wp-att-40979\"><img loading=\"lazy\" decoding=\"async\" class=\"aligncenter wp-image-40979\" src=\"https:\/\/lamendigapolitica.com\/blog\/blog\/wp-content\/uploads\/2016\/09\/29031068234_39aeefdbd9_z.jpg\" alt=\"29031068234_39aeefdbd9_z\" width=\"419\" height=\"279\" srcset=\"https:\/\/lamendigapolitica.com\/wp-content\/uploads\/2016\/09\/29031068234_39aeefdbd9_z.jpg 640w, https:\/\/lamendigapolitica.com\/wp-content\/uploads\/2016\/09\/29031068234_39aeefdbd9_z-300x200.jpg 300w\" sizes=\"auto, (max-width: 419px) 100vw, 419px\" \/><\/a><\/p>\n<p>\u201cZapopan cuenta con finanzas claras y tiene una de las calificaciones crediticias, a nivel municipal, m\u00e1s alta del pa\u00eds. Zapopan hoy es un municipio s\u00f3lido financieramente\u201d se\u00f1al\u00f3 el alcalde de Zapopan, Pablo Lemus, al rendir su primer informe de gobierno durante la sesi\u00f3n solemne de cabildo celebrada el d\u00eda de hoy en el que destac\u00f3 el fortalecimiento de seguridad p\u00fablica y la apropiaci\u00f3n de espacios p\u00fablicos y una inversi\u00f3n hist\u00f3rica que contempla la creaci\u00f3n de infraestructura social de calidad para combatir la desigualdad en el municipio.<\/p>\n<p>&nbsp;<\/p>\n<p>Con la presencia del Gobernador de Jalisco, Jorge Arist\u00f3teles Sandoval, as\u00ed como el Magistrado Luis Carlos Vega P\u00e1menes, Presidente del Supremo Tribunal de Justicia del Estado de Jalisco, y en representaci\u00f3n del Congreso del Estado de Jalisco, la diputada Fela Patricia Pelayo L\u00f3pez, el Primer Edil present\u00f3 una serie de acciones y resultados obtenidos a lo largo de este primer a\u00f1o de gesti\u00f3n que inciden en la transformaci\u00f3n del municipio.<\/p>\n<p>&nbsp;<\/p>\n<p>En el tema espec\u00edfico de Seguridad, Lemus Navarro inform\u00f3 que, con el apoyo de todos los integrantes de la actual Administraci\u00f3n, se ha conseguido trabajar y avanzar en acciones que garantizan un municipio seguro y en paz. \u201chemos mejorado ya el equipamiento de nuestra Polic\u00eda, junto con el factor humano. Contratamos ya a 182 nuevos elementos y est\u00e1n en capacitaci\u00f3n otros 286 cadetes\u201d. El Mun\u00edcipe anunci\u00f3 que en el transcurso de esta semana se dar\u00e1 a conocer el ganador de la licitaci\u00f3n p\u00fablica para la adquisici\u00f3n de 250 patrullas y 60 motocicletas para la Comisar\u00eda General de Seguridad P\u00fablica, adem\u00e1s de 15 veh\u00edculos de emergencia para el \u00e1rea de Protecci\u00f3n Civil y Bomberos.<\/p>\n<p>&nbsp;<\/p>\n<p>Otro de los temas que resalt\u00f3 el Presidente Pablo Lemus fue concretar pol\u00edticas p\u00fablicas de largo plazo para la recuperaci\u00f3n del tejido social, a trav\u00e9s de una estrategia de prevenci\u00f3n, abriendo paso a los apoyos para educaci\u00f3n, cultura, recreaci\u00f3n y m\u00fasica. El Alcalde detall\u00f3 que se inici\u00f3 con la recuperaci\u00f3n de poco m\u00e1s de 22 unidades deportivas en todo el territorio zapopano, con una inversi\u00f3n aproximada de 40 millones de pesos. En este contexto resalt\u00f3 el rescate del predio conocido como El Polvor\u00edn II, espacio que, el d\u00eda de hoy, es el primer parque deportivo incluyente en el Estado de Jalisco.<\/p>\n<p>&nbsp;<\/p>\n<p>El Mun\u00edcipe Pablo Lemus destac\u00f3 la creaci\u00f3n de la nueva V\u00eda RecreActiva, la cual tiene 6.5 kil\u00f3metros de longitud, recorre Avenida Patria, desde Atemajac hasta la zona de Andares, dos puntos emblem\u00e1ticos del municipio. El Presidente Pablo Lemus inform\u00f3 que cerca de 200 mil personas han disfrutado de este nuevo tramo durante cinco fines de semanas. A su vez, se espera que, antes que concluya el a\u00f1o, se logre una participaci\u00f3n aproximada de un mill\u00f3n de usuarios.<\/p>\n<p>&nbsp;<\/p>\n<p>A su vez, el Primer Edil destac\u00f3 el presupuesto hist\u00f3rico de mil 663 millones de pesos en materia de obra p\u00fablica para 2016, y resalt\u00f3 las obras concluidas en este primer a\u00f1o de gesti\u00f3n como el Nodo Siglo XXI y el Hospital General de Zapopan, conocido como \u201cEl Hospitalito\u201d. Un tema notable durante esta presentaci\u00f3n fue la reconstrucci\u00f3n del Centro Cultural de la colonia Constituci\u00f3n, que ser\u00e1 inaugurado el pr\u00f3ximo 21 de septiembre, contando con una inversi\u00f3n de 145 millones de pesos.<\/p>\n<p>&nbsp;<\/p>\n","protected":false},"excerpt":{"rendered":"<p>\u201cZapopan cuenta con finanzas claras y tiene una de las calificaciones crediticias, a nivel municipal, m\u00e1s alta del pa\u00eds. Zapopan hoy es un municipio s\u00f3lido financieramente\u201d se\u00f1al\u00f3 el alcalde de Zapopan, Pablo Lemus, al rendir su primer informe de gobierno durante la sesi\u00f3n solemne de cabildo celebrada el d\u00eda de hoy en el que destac\u00f3 &hellip; <\/p>\n<p><a class=\"more-link btn\" href=\"https:\/\/lamendigapolitica.com\/?p=40978\">Seguir leyendo<\/a><\/p>\n","protected":false},"author":1,"featured_media":0,"comment_status":"open","ping_status":"closed","sticky":false,"template":"","format":"standard","meta":{"footnotes":""},"categories":[6,20,5,3],"tags":[],"class_list":["post-40978","post","type-post","status-publish","format-standard","hentry","category-congreso","category-gobierno","category-partidos","category-politica","item-wrap"],"_links":{"self":[{"href":"https:\/\/lamendigapolitica.com\/index.php?rest_route=\/wp\/v2\/posts\/40978","targetHints":{"allow":["GET"]}}],"collection":[{"href":"https:\/\/lamendigapolitica.com\/index.php?rest_route=\/wp\/v2\/posts"}],"about":[{"href":"https:\/\/lamendigapolitica.com\/index.php?rest_route=\/wp\/v2\/types\/post"}],"author":[{"embeddable":true,"href":"https:\/\/lamendigapolitica.com\/index.php?rest_route=\/wp\/v2\/users\/1"}],"replies":[{"embeddable":true,"href":"https:\/\/lamendigapolitica.com\/index.php?rest_route=%2Fwp%2Fv2%2Fcomments&post=40978"}],"version-history":[{"count":2,"href":"https:\/\/lamendigapolitica.com\/index.php?rest_route=\/wp\/v2\/posts\/40978\/revisions"}],"predecessor-version":[{"id":40982,"href":"https:\/\/lamendigapolitica.com\/index.php?rest_route=\/wp\/v2\/posts\/40978\/revisions\/40982"}],"wp:attachment":[{"href":"https:\/\/lamendigapolitica.com\/index.php?rest_route=%2Fwp%2Fv2%2Fmedia&parent=40978"}],"wp:term":[{"taxonomy":"category","embeddable":true,"href":"https:\/\/lamendigapolitica.com\/index.php?rest_route=%2Fwp%2Fv2%2Fcategories&post=40978"},{"taxonomy":"post_tag","embeddable":true,"href":"https:\/\/lamendigapolitica.com\/index.php?rest_route=%2Fwp%2Fv2%2Ftags&post=40978"}],"curies":[{"name":"wp","href":"https:\/\/api.w.org\/{rel}","templated":true}]}}