{"id":40975,"date":"2016-09-13T18:49:05","date_gmt":"2016-09-13T23:49:05","guid":{"rendered":"http:\/\/lamendigapolitica.com\/blog\/?p=40975"},"modified":"2016-09-13T18:49:05","modified_gmt":"2016-09-13T23:49:05","slug":"instalan-el-consejo-municipal-de-desarrollo-urbano","status":"publish","type":"post","link":"https:\/\/lamendigapolitica.com\/?p=40975","title":{"rendered":"Instalan el Consejo Municipal de Desarrollo Urbano"},"content":{"rendered":"<p><a href=\"https:\/\/lamendigapolitica.com\/blog\/blog\/wp-content\/uploads\/2016\/09\/29659683175_0e09a9ce03_z.jpg\" rel=\"attachment wp-att-40976\"><img loading=\"lazy\" decoding=\"async\" class=\"aligncenter  wp-image-40976\" src=\"https:\/\/lamendigapolitica.com\/blog\/blog\/wp-content\/uploads\/2016\/09\/29659683175_0e09a9ce03_z.jpg\" alt=\"29659683175_0e09a9ce03_z\" width=\"404\" height=\"269\" srcset=\"https:\/\/lamendigapolitica.com\/wp-content\/uploads\/2016\/09\/29659683175_0e09a9ce03_z.jpg 640w, https:\/\/lamendigapolitica.com\/wp-content\/uploads\/2016\/09\/29659683175_0e09a9ce03_z-300x200.jpg 300w\" sizes=\"auto, (max-width: 404px) 100vw, 404px\" \/><\/a><\/p>\n<p>&nbsp;<\/p>\n<p>Se estableci\u00f3 y se llev\u00f3 a cabo la primera sesi\u00f3n del Consejo Municipal de Desarrollo Urbano del Municipio de Zapopan 2015-2018. \u201cEstamos a favor del desarrollo, pero sustentable. No podemos pensar en mayor desarrollo sino tenemos mejores servicios\u201d, declar\u00f3 Pablo Lemus, Presidente Municipal de Zapopan<\/p>\n<p>&nbsp;<\/p>\n<p>\u201cDebemos darle formalidad y orden al desarrollo y en unos meses m\u00e1s estaremos abriendo las consultas p\u00fablicas de los Planes Parciales de Desarrollo\u201d, los cuales se van a actualizar a favor de la redensificaci\u00f3n, a\u00f1adi\u00f3. A la par, el Mun\u00edcipe nombr\u00f3 al ingeniero Rub\u00e9n Mora Ib\u00e1\u00f1ez, como su asesor y quien lo respaldar\u00e1 como especialista en las decisiones que tome en materia de desarrollo urbano. \u201cEn lo personal me dar\u00e1 una asesor\u00eda en todo momento sobre las resoluciones que tenemos que estar tomando\u201d, dijo.<\/p>\n<p>&nbsp;<\/p>\n<p>Durante la primera sesi\u00f3n, el Alcalde puso sobre la mesa dos reglamentos para que el Consejo los analicen: la propuesta de Reglamento de Construcci\u00f3n para integrantes del municipio de Zapopan y la propuesta de Reglamento de Urbanizaci\u00f3n del Municipio de Zapopan, Jalisco. \u201cTenemos una oportunidad hist\u00f3rica, en las modificaciones de los Planes Parciales, de apostarle a la redensificaci\u00f3n en el municipio; al uso del transporte p\u00fablico y este Consejo ser\u00e1 fundamental para ello\u201d, abon\u00f3 Lemus.<\/p>\n<p>&nbsp;<\/p>\n<p>Cabe destacar que para la instalaci\u00f3n del Consejo hubo una convocatoria p\u00fablica de la cual salieron los consejeros de la categor\u00eda de organizaciones o colectivos y asociaciones vecinales. Por parte de las asociaciones civiles se integraron la Uni\u00f3n Jalisciense de Agrupaciones de Ingenieros, cuyo representante es Jos\u00e9 Sergio Carmona Ruvalcaba y al Colegio de Ingenieros Geodestas del Estado de Jalisco, con la representaci\u00f3n de Eduardo Corona L\u00f3pez. Tambi\u00e9n Agua y Ciudad: Consultor\u00eda y Proyectos S. C, cuyo titular es Carlos Eduardo Estrada.<\/p>\n","protected":false},"excerpt":{"rendered":"<p>&nbsp; Se estableci\u00f3 y se llev\u00f3 a cabo la primera sesi\u00f3n del Consejo Municipal de Desarrollo Urbano del Municipio de Zapopan 2015-2018. \u201cEstamos a favor del desarrollo, pero sustentable. No podemos pensar en mayor desarrollo sino tenemos mejores servicios\u201d, declar\u00f3 Pablo Lemus, Presidente Municipal de Zapopan &nbsp; \u201cDebemos darle formalidad y orden al desarrollo y &hellip; <\/p>\n<p><a class=\"more-link btn\" href=\"https:\/\/lamendigapolitica.com\/?p=40975\">Seguir leyendo<\/a><\/p>\n","protected":false},"author":1,"featured_media":0,"comment_status":"open","ping_status":"closed","sticky":false,"template":"","format":"standard","meta":{"footnotes":""},"categories":[6,20,5,3],"tags":[],"class_list":["post-40975","post","type-post","status-publish","format-standard","hentry","category-congreso","category-gobierno","category-partidos","category-politica","item-wrap"],"_links":{"self":[{"href":"https:\/\/lamendigapolitica.com\/index.php?rest_route=\/wp\/v2\/posts\/40975","targetHints":{"allow":["GET"]}}],"collection":[{"href":"https:\/\/lamendigapolitica.com\/index.php?rest_route=\/wp\/v2\/posts"}],"about":[{"href":"https:\/\/lamendigapolitica.com\/index.php?rest_route=\/wp\/v2\/types\/post"}],"author":[{"embeddable":true,"href":"https:\/\/lamendigapolitica.com\/index.php?rest_route=\/wp\/v2\/users\/1"}],"replies":[{"embeddable":true,"href":"https:\/\/lamendigapolitica.com\/index.php?rest_route=%2Fwp%2Fv2%2Fcomments&post=40975"}],"version-history":[{"count":1,"href":"https:\/\/lamendigapolitica.com\/index.php?rest_route=\/wp\/v2\/posts\/40975\/revisions"}],"predecessor-version":[{"id":40977,"href":"https:\/\/lamendigapolitica.com\/index.php?rest_route=\/wp\/v2\/posts\/40975\/revisions\/40977"}],"wp:attachment":[{"href":"https:\/\/lamendigapolitica.com\/index.php?rest_route=%2Fwp%2Fv2%2Fmedia&parent=40975"}],"wp:term":[{"taxonomy":"category","embeddable":true,"href":"https:\/\/lamendigapolitica.com\/index.php?rest_route=%2Fwp%2Fv2%2Fcategories&post=40975"},{"taxonomy":"post_tag","embeddable":true,"href":"https:\/\/lamendigapolitica.com\/index.php?rest_route=%2Fwp%2Fv2%2Ftags&post=40975"}],"curies":[{"name":"wp","href":"https:\/\/api.w.org\/{rel}","templated":true}]}}