{"id":40969,"date":"2016-09-13T10:22:25","date_gmt":"2016-09-13T15:22:25","guid":{"rendered":"http:\/\/lamendigapolitica.com\/blog\/?p=40969"},"modified":"2016-09-13T10:22:25","modified_gmt":"2016-09-13T15:22:25","slug":"francia-prohibe-el-uso-de-platos-y-cubiertos-desechables","status":"publish","type":"post","link":"https:\/\/lamendigapolitica.com\/?p=40969","title":{"rendered":"Francia proh\u00edbe el uso de platos y cubiertos desechables"},"content":{"rendered":"<p><a href=\"https:\/\/lamendigapolitica.com\/blog\/blog\/wp-content\/uploads\/2016\/09\/desechable.jpg\" rel=\"attachment wp-att-40970\"><img loading=\"lazy\" decoding=\"async\" class=\"aligncenter  wp-image-40970\" src=\"https:\/\/lamendigapolitica.com\/blog\/blog\/wp-content\/uploads\/2016\/09\/desechable.jpg\" alt=\"desechable\" width=\"380\" height=\"261\" \/><\/a><\/p>\n<p>&nbsp;<\/p>\n<p>Los recientes esfuerzos de Francia para reducir la contaminaci\u00f3n tambi\u00e9n afectar\u00e1n a los que disfrutan de comer al aire libre, ya que bajo una nueva y controvertida ley, los que vayan de picnic ya no podr\u00e1n usar vasos de pl\u00e1stico para su vino, tampoco cubiertos ni platos de ese material para sus baguettes. Y la vida en la oficina tambi\u00e9n ser\u00e1 diferente, porque las m\u00e1quinas expendedoras de caf\u00e9 ya no dar\u00e1n vasos de pl\u00e1stico, publica hoy Sin Embargo.<\/p>\n<p>&nbsp;<\/p>\n<p>La nueva medida, que entr\u00f3 en vigor en agosto, dar\u00e1 a los productores hasta el a\u00f1o 2020 para asegurarse de que todos los platos vendidos en Francia provengan de fuentes biol\u00f3gicas y puedan usarse en la composta. Esto sigue a la prohibici\u00f3n de las bolsas de pl\u00e1stico vigente desde julio. Aunque varios pa\u00edses han prohibido tambi\u00e9n las bolsas pl\u00e1sticas, Francia parece ser el primero en introducir una restricci\u00f3n a los utensilios de pl\u00e1stico. La medida llega despu\u00e9s de que Par\u00eds fue sede de una importante conferencia el mes pasado sobre cambio clim\u00e1tico, y mientras el gobierno socialista trata de poner a Francia al frente de la lucha ambiental.<\/p>\n<p>&nbsp;<\/p>\n<p>Mientras las organizaciones ecologistas aplaudieron la ley francesa y esperan que sea ejemplo para otras naciones, los que se oponen argumentan que afectar\u00e1 a los consumidores y viola las normas de la Uni\u00f3n Europea del libre movimiento de los bienes. Preocupada de que la medida francesa pueda expandirse a otros pa\u00edses, Pack2Go Europe, una organizaci\u00f3n con sede en Bruselas que representa a fabricantes de empaques europeos, dijo que seguir\u00e1n luchando contra ella.<\/p>\n<p>&nbsp;<\/p>\n<p>\u201cEstamos exhortando a la Comisi\u00f3n Europea a que haga lo correcto y tome acci\u00f3n legal contra Francia por violar la ley europea\u201d, dijo el secretario general de Pack2Go Europe, Eamonn Bates, a The Associated Press. \u201cSi ellos no lo hacen, nosotros lo haremos\u201d. La prohibici\u00f3n fue propuesta en un principio por el Partido Europa Ecolog\u00eda Los Verdes y fue adoptado por legisladores franceses con el objetivo de reducir el consumo de energ\u00eda y desperdicio de la industria procesadora de pl\u00e1stico, adem\u00e1s de la contaminaci\u00f3n causada por los pl\u00e1sticos desechados.<\/p>\n","protected":false},"excerpt":{"rendered":"<p>&nbsp; Los recientes esfuerzos de Francia para reducir la contaminaci\u00f3n tambi\u00e9n afectar\u00e1n a los que disfrutan de comer al aire libre, ya que bajo una nueva y controvertida ley, los que vayan de picnic ya no podr\u00e1n usar vasos de pl\u00e1stico para su vino, tampoco cubiertos ni platos de ese material para sus baguettes. Y &hellip; <\/p>\n<p><a class=\"more-link btn\" href=\"https:\/\/lamendigapolitica.com\/?p=40969\">Seguir leyendo<\/a><\/p>\n","protected":false},"author":1,"featured_media":0,"comment_status":"open","ping_status":"closed","sticky":false,"template":"","format":"standard","meta":{"footnotes":""},"categories":[20,31,3,22],"tags":[],"class_list":["post-40969","post","type-post","status-publish","format-standard","hentry","category-gobierno","category-internacional","category-politica","category-sociales","item-wrap"],"_links":{"self":[{"href":"https:\/\/lamendigapolitica.com\/index.php?rest_route=\/wp\/v2\/posts\/40969","targetHints":{"allow":["GET"]}}],"collection":[{"href":"https:\/\/lamendigapolitica.com\/index.php?rest_route=\/wp\/v2\/posts"}],"about":[{"href":"https:\/\/lamendigapolitica.com\/index.php?rest_route=\/wp\/v2\/types\/post"}],"author":[{"embeddable":true,"href":"https:\/\/lamendigapolitica.com\/index.php?rest_route=\/wp\/v2\/users\/1"}],"replies":[{"embeddable":true,"href":"https:\/\/lamendigapolitica.com\/index.php?rest_route=%2Fwp%2Fv2%2Fcomments&post=40969"}],"version-history":[{"count":1,"href":"https:\/\/lamendigapolitica.com\/index.php?rest_route=\/wp\/v2\/posts\/40969\/revisions"}],"predecessor-version":[{"id":40971,"href":"https:\/\/lamendigapolitica.com\/index.php?rest_route=\/wp\/v2\/posts\/40969\/revisions\/40971"}],"wp:attachment":[{"href":"https:\/\/lamendigapolitica.com\/index.php?rest_route=%2Fwp%2Fv2%2Fmedia&parent=40969"}],"wp:term":[{"taxonomy":"category","embeddable":true,"href":"https:\/\/lamendigapolitica.com\/index.php?rest_route=%2Fwp%2Fv2%2Fcategories&post=40969"},{"taxonomy":"post_tag","embeddable":true,"href":"https:\/\/lamendigapolitica.com\/index.php?rest_route=%2Fwp%2Fv2%2Ftags&post=40969"}],"curies":[{"name":"wp","href":"https:\/\/api.w.org\/{rel}","templated":true}]}}