{"id":40966,"date":"2016-09-13T10:13:24","date_gmt":"2016-09-13T15:13:24","guid":{"rendered":"http:\/\/lamendigapolitica.com\/blog\/?p=40966"},"modified":"2016-09-13T10:13:24","modified_gmt":"2016-09-13T15:13:24","slug":"alternativas-del-grabado-del-siglo-xx","status":"publish","type":"post","link":"https:\/\/lamendigapolitica.com\/?p=40966","title":{"rendered":"Alternativas del grabado del siglo XX"},"content":{"rendered":"<p><a href=\"https:\/\/lamendigapolitica.com\/blog\/blog\/wp-content\/uploads\/2016\/09\/grabados.jpg\" rel=\"attachment wp-att-40967\"><img loading=\"lazy\" decoding=\"async\" class=\"aligncenter  wp-image-40967\" src=\"https:\/\/lamendigapolitica.com\/blog\/blog\/wp-content\/uploads\/2016\/09\/grabados.jpg\" alt=\"grabados\" width=\"368\" height=\"245\" \/><\/a><\/p>\n<p>&nbsp;<\/p>\n<p>En los a\u00f1os cuarenta surgi\u00f3 una cofrad\u00eda de grabadores que hoy es pr\u00e1cticamente desconocida. Su nombre era: Sociedad Mexicana de Grabadores y uno de sus objetivos fue marcar una sana distancia del reconocido Taller de la Gr\u00e1fica Popular (TGP), para explorar tem\u00e1ticas m\u00e1s all\u00e1 de lo pol\u00edtico. Este grupo fue encabezado por Angelina Belloff y Lola Cueto, Leticia Calder\u00f3n, Vita Castro, Francisco Moreno Capdevila y Mariano Paredes durante el periodo de 1947 a 1971. Se trata del segundo gremio que posicion\u00f3 a la estampa y al grabado. Hoy se presenta la primera retrospectiva de este grupo, publica hoy Excelsior.<\/p>\n<p>&nbsp;<\/p>\n<p>La Sociedad Mexicana de Grabadores (1947-1971), una plataforma para la promoci\u00f3n y difusi\u00f3n de la estampa, ser\u00e1 inaugurada en el Museo Nacional de la Estampa (MNE) en la Ciudad de M\u00e9xico con el montaje de 127 grabados que recorren lo mejor de su producci\u00f3n y encubren tres sorpresas.<\/p>\n<p>&nbsp;<\/p>\n<p>La primera es el trabajo de la dramaturga y marionetista mexicana Lola Cueto, quien trabaj\u00f3 sus propios grabados y se convirti\u00f3 en una de las m\u00e1s significativas de este grupo; la segunda es la exhibici\u00f3n de Gotas, el grabado que Capdevila hizo en 1958, inspirado en la represi\u00f3n magisterial de ese mismo a\u00f1o, retomado 10 a\u00f1os despu\u00e9s durante el movimiento estudiantil de 1968 como uno de sus emblemas; as\u00ed como el montaje de 74 documentos y fotograf\u00edas, algunos de los cuales derrumban el mito, construido por Raquel Tibol en 1958, acerca de la distancia entre el TGP y este grupo.<\/p>\n<p>&nbsp;<\/p>\n<p>En suma, este proyecto da cuenta de uno de los referentes del quehacer gr\u00e1fico del siglo XX en nuestro pa\u00eds, por lo que \u201cse trata del segundo gremio que posicion\u00f3 a la estampa y al grabado \u2013junto con el TGP\u2013, como una de las disciplinas art\u00edsticas m\u00e1s importantes de M\u00e9xico, un gremio que cont\u00f3 con una generaci\u00f3n de artistas de primera l\u00ednea que trabajaron con ah\u00ednco t\u00e9cnicas tradicionales como la calcograf\u00eda, el grabado en relieve y la litograf\u00eda\u201d.<\/p>\n<p>&nbsp;<\/p>\n<p>Esta agrupaci\u00f3n, destac\u00f3 el curador, se caracteriz\u00f3 por reunir al mayor n\u00famero de mujeres y se empe\u00f1\u00f3 en difundir y revalorizar la presencia del grabado como una t\u00e9cnica art\u00edstica dentro del arte, al punto en que montaron 70 exposiciones en 24 a\u00f1os, y se distingui\u00f3 por no supeditarse a tem\u00e1ticas pol\u00edticas. La Sociedad Mexicana de Grabadores estableci\u00f3 una distancia, donde se privilegi\u00f3 la libertad creativa sin que haya directamente una sujeci\u00f3n a un tema espec\u00edfico, aunque tampoco descartaban lo pol\u00edtico y lo social, pero no lo hac\u00edan con una convocatoria espec\u00edfica\u201d, apunt\u00f3.<\/p>\n","protected":false},"excerpt":{"rendered":"<p>&nbsp; En los a\u00f1os cuarenta surgi\u00f3 una cofrad\u00eda de grabadores que hoy es pr\u00e1cticamente desconocida. Su nombre era: Sociedad Mexicana de Grabadores y uno de sus objetivos fue marcar una sana distancia del reconocido Taller de la Gr\u00e1fica Popular (TGP), para explorar tem\u00e1ticas m\u00e1s all\u00e1 de lo pol\u00edtico. Este grupo fue encabezado por Angelina Belloff &hellip; <\/p>\n<p><a class=\"more-link btn\" href=\"https:\/\/lamendigapolitica.com\/?p=40966\">Seguir leyendo<\/a><\/p>\n","protected":false},"author":1,"featured_media":0,"comment_status":"open","ping_status":"closed","sticky":false,"template":"","format":"standard","meta":{"footnotes":""},"categories":[26,20,22],"tags":[],"class_list":["post-40966","post","type-post","status-publish","format-standard","hentry","category-cultura","category-gobierno","category-sociales","item-wrap"],"_links":{"self":[{"href":"https:\/\/lamendigapolitica.com\/index.php?rest_route=\/wp\/v2\/posts\/40966","targetHints":{"allow":["GET"]}}],"collection":[{"href":"https:\/\/lamendigapolitica.com\/index.php?rest_route=\/wp\/v2\/posts"}],"about":[{"href":"https:\/\/lamendigapolitica.com\/index.php?rest_route=\/wp\/v2\/types\/post"}],"author":[{"embeddable":true,"href":"https:\/\/lamendigapolitica.com\/index.php?rest_route=\/wp\/v2\/users\/1"}],"replies":[{"embeddable":true,"href":"https:\/\/lamendigapolitica.com\/index.php?rest_route=%2Fwp%2Fv2%2Fcomments&post=40966"}],"version-history":[{"count":1,"href":"https:\/\/lamendigapolitica.com\/index.php?rest_route=\/wp\/v2\/posts\/40966\/revisions"}],"predecessor-version":[{"id":40968,"href":"https:\/\/lamendigapolitica.com\/index.php?rest_route=\/wp\/v2\/posts\/40966\/revisions\/40968"}],"wp:attachment":[{"href":"https:\/\/lamendigapolitica.com\/index.php?rest_route=%2Fwp%2Fv2%2Fmedia&parent=40966"}],"wp:term":[{"taxonomy":"category","embeddable":true,"href":"https:\/\/lamendigapolitica.com\/index.php?rest_route=%2Fwp%2Fv2%2Fcategories&post=40966"},{"taxonomy":"post_tag","embeddable":true,"href":"https:\/\/lamendigapolitica.com\/index.php?rest_route=%2Fwp%2Fv2%2Ftags&post=40966"}],"curies":[{"name":"wp","href":"https:\/\/api.w.org\/{rel}","templated":true}]}}