{"id":40960,"date":"2016-09-13T09:53:59","date_gmt":"2016-09-13T14:53:59","guid":{"rendered":"http:\/\/lamendigapolitica.com\/blog\/?p=40960"},"modified":"2016-09-13T09:53:59","modified_gmt":"2016-09-13T14:53:59","slug":"cnte-exige-abrir-mesa-de-dialogo","status":"publish","type":"post","link":"https:\/\/lamendigapolitica.com\/?p=40960","title":{"rendered":"CNTE exige abrir mesa de di\u00e1logo"},"content":{"rendered":"<p><a href=\"https:\/\/lamendigapolitica.com\/blog\/blog\/wp-content\/uploads\/2016\/09\/CNTE.jpg\" rel=\"attachment wp-att-40961\"><img loading=\"lazy\" decoding=\"async\" class=\"aligncenter  wp-image-40961\" src=\"https:\/\/lamendigapolitica.com\/blog\/blog\/wp-content\/uploads\/2016\/09\/CNTE.jpg\" alt=\"cnte\" width=\"355\" height=\"236\" \/><\/a><\/p>\n<p>&nbsp;<\/p>\n<p>Maestros de la CNTE levantaron barricadas en las inmediaciones de su plant\u00f3n en esta ciudad, ante la amenaza del gobierno estatal de desalojarlos para la celebraci\u00f3n de las fiestas patrias. Armando Falconi Borraz, de la Asamblea Estatal Democr\u00e1tica de la Secci\u00f3n 40 del SNTE e integrante de la CNTE, dijo que ante la situaci\u00f3n los profesores tomaron el palacio de gobierno, el palacio municipal, Hacienda del estado y el Congreso de manera permanente, informa hoy Excelsior.<\/p>\n<p>&nbsp;<\/p>\n<p>Se\u00f1al\u00f3 que tambi\u00e9n exigieron al gobierno federal abrir la mesa de di\u00e1logo, debido a que luego de la salida de Luis Enrique Miranda de la Subsecretar\u00eda de Gobernaci\u00f3n, los acuerdos se vinieron abajo y ahora no reconocen nada, es decir, \u201cestamos como en un inicio\u201d. Estamos haciendo un llamado al gobierno federal para que ratifique o rectifique la propuesta hecha en la mesa de di\u00e1logo, y el problema ahora es que renunci\u00f3 quien hab\u00eda asumido los compromisos con la CNTE, Luis Enrique Miranda Nava, hoy titular de la Sedesol\u201d.<\/p>\n<p>&nbsp;<\/p>\n<p>Incluso fue uno de los motivos que llev\u00f3 a la asamblea de la CNTE a desechar la consulta a las bases y de los diez puntos planteados en un acta, porque ya no ten\u00edan raz\u00f3n de ser. Mencion\u00f3 que durante los acuerdos alcanzados con el subsecretario de Gobernaci\u00f3n estuvo presente el gobernador del estado y el presidente del Congreso, sin embargo, de forma irresponsable dijo que no hab\u00eda acuerdos. \u201cEs por ello que ahora exigimos al gobierno federal se reintegre a una mesa de di\u00e1logo, donde haya una persona con capacidad de soluci\u00f3n a las demandas de la CNTE, como lo es la abrogaci\u00f3n de la Reforma Educativa\u201d, sostuvo.<\/p>\n<p>&nbsp;<\/p>\n<p>En tanto, no permitir\u00e1n realizar la celebraci\u00f3n del Grito de Independencia el pr\u00f3ximo 15 y el desfile militar del 16 de septiembre, tendr\u00e1 que cambiar de ruta. \u201cNosotros, como maestros, vamos a llevar a cabo el contragrito, aunque no sabemos d\u00f3nde lo va dar el gobierno del estado\u201d. Adem\u00e1s tomaron el Palacio federal que alberga oficinas delegacionales, entre ellas de SHCP y el SAT, as\u00ed como oficinas de la Conanp, la delegaci\u00f3n de la Secretar\u00eda del Trabajo y Previsi\u00f3n Social y Sepomex, entre otras. Los profesores no permitieron el ingreso de empleados a los inmuebles bloqueados.<\/p>\n","protected":false},"excerpt":{"rendered":"<p>&nbsp; Maestros de la CNTE levantaron barricadas en las inmediaciones de su plant\u00f3n en esta ciudad, ante la amenaza del gobierno estatal de desalojarlos para la celebraci\u00f3n de las fiestas patrias. Armando Falconi Borraz, de la Asamblea Estatal Democr\u00e1tica de la Secci\u00f3n 40 del SNTE e integrante de la CNTE, dijo que ante la situaci\u00f3n &hellip; <\/p>\n<p><a class=\"more-link btn\" href=\"https:\/\/lamendigapolitica.com\/?p=40960\">Seguir leyendo<\/a><\/p>\n","protected":false},"author":1,"featured_media":0,"comment_status":"open","ping_status":"closed","sticky":false,"template":"","format":"standard","meta":{"footnotes":""},"categories":[6,28,20,5,3],"tags":[],"class_list":["post-40960","post","type-post","status-publish","format-standard","hentry","category-congreso","category-educacion","category-gobierno","category-partidos","category-politica","item-wrap"],"_links":{"self":[{"href":"https:\/\/lamendigapolitica.com\/index.php?rest_route=\/wp\/v2\/posts\/40960","targetHints":{"allow":["GET"]}}],"collection":[{"href":"https:\/\/lamendigapolitica.com\/index.php?rest_route=\/wp\/v2\/posts"}],"about":[{"href":"https:\/\/lamendigapolitica.com\/index.php?rest_route=\/wp\/v2\/types\/post"}],"author":[{"embeddable":true,"href":"https:\/\/lamendigapolitica.com\/index.php?rest_route=\/wp\/v2\/users\/1"}],"replies":[{"embeddable":true,"href":"https:\/\/lamendigapolitica.com\/index.php?rest_route=%2Fwp%2Fv2%2Fcomments&post=40960"}],"version-history":[{"count":1,"href":"https:\/\/lamendigapolitica.com\/index.php?rest_route=\/wp\/v2\/posts\/40960\/revisions"}],"predecessor-version":[{"id":40962,"href":"https:\/\/lamendigapolitica.com\/index.php?rest_route=\/wp\/v2\/posts\/40960\/revisions\/40962"}],"wp:attachment":[{"href":"https:\/\/lamendigapolitica.com\/index.php?rest_route=%2Fwp%2Fv2%2Fmedia&parent=40960"}],"wp:term":[{"taxonomy":"category","embeddable":true,"href":"https:\/\/lamendigapolitica.com\/index.php?rest_route=%2Fwp%2Fv2%2Fcategories&post=40960"},{"taxonomy":"post_tag","embeddable":true,"href":"https:\/\/lamendigapolitica.com\/index.php?rest_route=%2Fwp%2Fv2%2Ftags&post=40960"}],"curies":[{"name":"wp","href":"https:\/\/api.w.org\/{rel}","templated":true}]}}