{"id":40957,"date":"2016-09-13T09:36:35","date_gmt":"2016-09-13T14:36:35","guid":{"rendered":"http:\/\/lamendigapolitica.com\/blog\/?p=40957"},"modified":"2016-09-13T09:36:35","modified_gmt":"2016-09-13T14:36:35","slug":"edgar-navarro-se-adjudica-el-bronce-para-mexico","status":"publish","type":"post","link":"https:\/\/lamendigapolitica.com\/?p=40957","title":{"rendered":"Edgar Navarro se adjudica el bronce para M\u00e9xico"},"content":{"rendered":"<p><a href=\"https:\/\/lamendigapolitica.com\/blog\/blog\/wp-content\/uploads\/2016\/09\/bronce-1.jpg\" rel=\"attachment wp-att-40958\"><img loading=\"lazy\" decoding=\"async\" class=\"aligncenter  wp-image-40958\" src=\"https:\/\/lamendigapolitica.com\/blog\/blog\/wp-content\/uploads\/2016\/09\/bronce-1.jpg\" alt=\"bronce\" width=\"375\" height=\"226\" \/><\/a><\/p>\n<p>&nbsp;<\/p>\n<p>El deportista mexicano Edgar Navarro se adjudic\u00f3 la medalla de bronce en la prueba de los 100 metros masculino T51 del atletismo de los Juegos Paral\u00edmpicos R\u00edo 2016.<\/p>\n<p>&nbsp;<\/p>\n<p>Con un tiempo de 21.96 segundos, Navarro S\u00e1nchez alcanz\u00f3 a meterse al podio para obtener as\u00ed la cuarta presea para la delegaci\u00f3n mexicana en el atletismo. De gran manera, el competidor tricolor aguant\u00f3 los embates del finland\u00e9s Toni Piispanen para quedarse con el tercer sitio de la prueba, que result\u00f3 ser bastante cerrada y signific\u00f3 su mejor marca de la temporada.<\/p>\n<p>&nbsp;<\/p>\n<p>El Estadio Ol\u00edmpico Engenhao fue el escenario que apreci\u00f3 la carrera de la clase T51, que es para atletas con diferentes niveles de lesiones de la m\u00e9dula y amputaciones que compiten en silla de ruedas, ya sea en la pista o en eventos de campo. Sin los problemas en la silla que vivi\u00f3 previamente su compatriota Leonardo de Jes\u00fas en los 400m masculino T52, Edgar Ces\u00e1reo tuvo una buena salida para colocarse entre los primeros puestos de su prueba de 100 metros, la etapa reina por la distancia tan corta que no permite ni un pesta\u00f1eo y deja ver la velocidad de cada uno de los deportistas.<\/p>\n<p>&nbsp;<\/p>\n<p>Un asalto dej\u00f3 cuadripl\u00e9jico al mexiquense, quien por tal motivo decidi\u00f3 dedicarse al deporte paral\u00edmpico y este d\u00eda en suelo brasile\u00f1o gan\u00f3 el bronce. La medalla de oro correspondi\u00f3 al belga Peter Genyn, quien hizo r\u00e9cord paral\u00edmpico con tiempo de 21.15 segundos; en tanto que el argelino Mohamed Berrahal se qued\u00f3 con el segundo sitio con lapso de 21.70.<\/p>\n","protected":false},"excerpt":{"rendered":"<p>&nbsp; El deportista mexicano Edgar Navarro se adjudic\u00f3 la medalla de bronce en la prueba de los 100 metros masculino T51 del atletismo de los Juegos Paral\u00edmpicos R\u00edo 2016. &nbsp; Con un tiempo de 21.96 segundos, Navarro S\u00e1nchez alcanz\u00f3 a meterse al podio para obtener as\u00ed la cuarta presea para la delegaci\u00f3n mexicana en el &hellip; <\/p>\n<p><a class=\"more-link btn\" href=\"https:\/\/lamendigapolitica.com\/?p=40957\">Seguir leyendo<\/a><\/p>\n","protected":false},"author":1,"featured_media":0,"comment_status":"open","ping_status":"closed","sticky":false,"template":"","format":"standard","meta":{"footnotes":""},"categories":[6,23,20,5,3],"tags":[],"class_list":["post-40957","post","type-post","status-publish","format-standard","hentry","category-congreso","category-deportes","category-gobierno","category-partidos","category-politica","item-wrap"],"_links":{"self":[{"href":"https:\/\/lamendigapolitica.com\/index.php?rest_route=\/wp\/v2\/posts\/40957","targetHints":{"allow":["GET"]}}],"collection":[{"href":"https:\/\/lamendigapolitica.com\/index.php?rest_route=\/wp\/v2\/posts"}],"about":[{"href":"https:\/\/lamendigapolitica.com\/index.php?rest_route=\/wp\/v2\/types\/post"}],"author":[{"embeddable":true,"href":"https:\/\/lamendigapolitica.com\/index.php?rest_route=\/wp\/v2\/users\/1"}],"replies":[{"embeddable":true,"href":"https:\/\/lamendigapolitica.com\/index.php?rest_route=%2Fwp%2Fv2%2Fcomments&post=40957"}],"version-history":[{"count":1,"href":"https:\/\/lamendigapolitica.com\/index.php?rest_route=\/wp\/v2\/posts\/40957\/revisions"}],"predecessor-version":[{"id":40959,"href":"https:\/\/lamendigapolitica.com\/index.php?rest_route=\/wp\/v2\/posts\/40957\/revisions\/40959"}],"wp:attachment":[{"href":"https:\/\/lamendigapolitica.com\/index.php?rest_route=%2Fwp%2Fv2%2Fmedia&parent=40957"}],"wp:term":[{"taxonomy":"category","embeddable":true,"href":"https:\/\/lamendigapolitica.com\/index.php?rest_route=%2Fwp%2Fv2%2Fcategories&post=40957"},{"taxonomy":"post_tag","embeddable":true,"href":"https:\/\/lamendigapolitica.com\/index.php?rest_route=%2Fwp%2Fv2%2Ftags&post=40957"}],"curies":[{"name":"wp","href":"https:\/\/api.w.org\/{rel}","templated":true}]}}