{"id":40948,"date":"2016-09-12T16:13:55","date_gmt":"2016-09-12T21:13:55","guid":{"rendered":"http:\/\/lamendigapolitica.com\/blog\/?p=40948"},"modified":"2016-09-12T16:13:55","modified_gmt":"2016-09-12T21:13:55","slug":"rinde-enrique-alfaro-su-primer-informe-al-frente-de-guadalajara","status":"publish","type":"post","link":"https:\/\/lamendigapolitica.com\/?p=40948","title":{"rendered":"Rinde Enrique Alfaro su Primer Informe al frente de Guadalajara"},"content":{"rendered":"<p><a href=\"https:\/\/lamendigapolitica.com\/blog\/blog\/wp-content\/uploads\/2016\/09\/29347049830_2e997f85d6_z.jpg\" rel=\"attachment wp-att-40949\"><img loading=\"lazy\" decoding=\"async\" class=\"aligncenter  wp-image-40949\" src=\"https:\/\/lamendigapolitica.com\/blog\/blog\/wp-content\/uploads\/2016\/09\/29347049830_2e997f85d6_z.jpg\" alt=\"29347049830_2e997f85d6_z\" width=\"384\" height=\"256\" srcset=\"https:\/\/lamendigapolitica.com\/wp-content\/uploads\/2016\/09\/29347049830_2e997f85d6_z.jpg 640w, https:\/\/lamendigapolitica.com\/wp-content\/uploads\/2016\/09\/29347049830_2e997f85d6_z-300x200.jpg 300w\" sizes=\"auto, (max-width: 384px) 100vw, 384px\" \/><\/a><\/p>\n<p>&nbsp;<\/p>\n<p>Ahorros por 600 millones de pesos fruto de la implementaci\u00f3n de\u00a0 pol\u00edticas en las que se bajaron los sueldos del presidente municipal, regidores, s\u00edndico y altos funcionarios as\u00ed como la eliminaci\u00f3n de gastos en lujos como celulares y vi\u00e1ticos, fueron algunos de los puntos destacados por el presidente Municipal de Guadalajara Enrique Alfaro durante la presentaci\u00f3n del Primer Informe de Gobierno el Pleno en una Sesi\u00f3n Solemne, a l que asistieron diferentes invitados especiales.<\/p>\n<p>&nbsp;<\/p>\n<p>Entre los asistentes destacaban \u00a0el jefe de Gobierno de la Ciudad de M\u00e9xico, Miguel \u00c1ngel Mancera; del l\u00edder nacional de Movimiento Ciudadano, Dante Delgado y del gobernador Jorge Arist\u00f3teles Sandoval D\u00edaz; adem\u00e1s de alcaldes; empresarios y legisladores, Alfaro Ram\u00edrez se\u00f1al\u00f3 que al llegar a su primer a\u00f1o de gobierno Guadalajara ya no es la ciudad m\u00e1s endeudada del pa\u00eds.<\/p>\n<p>&nbsp;<\/p>\n<p>En cuanto a los ahorros, destac\u00f3 que al inicio de la administraci\u00f3n la n\u00f3mina abarcaba el 54% del total de la n\u00f3mina y actualmente se ha logrado reducirlo en 12 puntos porcentuales llegando actualmente \u00a0a 42 por ciento. \u00abHace casi un a\u00f1o asumimos el Gobierno de Guadalajara en la peor crisis urbana, pol\u00edtica, social y econ\u00f3mica de su historia\u00bb, resalt\u00f3 el alcalde quien destac\u00f3 que una de sus prioridades fue el \u00a0cuidar el dinero de los tapat\u00edos, \u201cle cerramos la llave a la corrupci\u00f3n y al despilfarro\u00bb, dijo.<\/p>\n<p>&nbsp;<\/p>\n<p>Al tiempo que destac\u00f3 una inversi\u00f3n para el pr\u00f3ximo a\u00f1o de mil millones de pesos, no para tapar baches, sino para repavimentar la ciudad, sin necesidad de contraer deuda y remarc\u00f3 la implementaci\u00f3n de programas sociales como Eres Nuestro Empleo y Guadalajara Se Alista, as\u00ed como las pol\u00edtica p\u00fablica de Banquetas Libres, el reordenamiento del comercio en el Centro Hist\u00f3rico y la renovaci\u00f3n de luminarias, entre otros.<\/p>\n<p>&nbsp;<\/p>\n<p>Por su parte el Gobernador del estado Arist\u00f3teles Sandoval, el Gobierno municipal de Guadalajara ha encontrado en el Gobierno del Estado de Jalisco un aliado facilitador que incluye, genera acuerdos y privilegia la democracia, que, en donde muchos esperaban mezquindad.<\/p>\n<p>&nbsp;<\/p>\n<p>Record\u00f3 que el trabajo coordinado abre espacio a la participaci\u00f3n ciudadana donde a trav\u00e9s de los acuerdos y la visi\u00f3n de largo plazo se concretan proyectos como el de destinar el mayor porcentaje del presupuesto a la movilidad sustentable con base en el proyecto toral de la administraci\u00f3n estatal: la construcci\u00f3n de la L\u00ednea 3 del Tren Ligero. \u00a0Subray\u00f3 que se contin\u00faa con la recuperaci\u00f3n de espacios p\u00fablicos y \u00e1reas verdes en Guadalajara, como los proyectos de parques lineales que desde hace seis a\u00f1os hoy se siguen consolidando.<\/p>\n","protected":false},"excerpt":{"rendered":"<p>&nbsp; Ahorros por 600 millones de pesos fruto de la implementaci\u00f3n de\u00a0 pol\u00edticas en las que se bajaron los sueldos del presidente municipal, regidores, s\u00edndico y altos funcionarios as\u00ed como la eliminaci\u00f3n de gastos en lujos como celulares y vi\u00e1ticos, fueron algunos de los puntos destacados por el presidente Municipal de Guadalajara Enrique Alfaro durante &hellip; <\/p>\n<p><a class=\"more-link btn\" href=\"https:\/\/lamendigapolitica.com\/?p=40948\">Seguir leyendo<\/a><\/p>\n","protected":false},"author":1,"featured_media":0,"comment_status":"open","ping_status":"closed","sticky":false,"template":"","format":"standard","meta":{"footnotes":""},"categories":[6,20,5,3],"tags":[],"class_list":["post-40948","post","type-post","status-publish","format-standard","hentry","category-congreso","category-gobierno","category-partidos","category-politica","item-wrap"],"_links":{"self":[{"href":"https:\/\/lamendigapolitica.com\/index.php?rest_route=\/wp\/v2\/posts\/40948","targetHints":{"allow":["GET"]}}],"collection":[{"href":"https:\/\/lamendigapolitica.com\/index.php?rest_route=\/wp\/v2\/posts"}],"about":[{"href":"https:\/\/lamendigapolitica.com\/index.php?rest_route=\/wp\/v2\/types\/post"}],"author":[{"embeddable":true,"href":"https:\/\/lamendigapolitica.com\/index.php?rest_route=\/wp\/v2\/users\/1"}],"replies":[{"embeddable":true,"href":"https:\/\/lamendigapolitica.com\/index.php?rest_route=%2Fwp%2Fv2%2Fcomments&post=40948"}],"version-history":[{"count":1,"href":"https:\/\/lamendigapolitica.com\/index.php?rest_route=\/wp\/v2\/posts\/40948\/revisions"}],"predecessor-version":[{"id":40950,"href":"https:\/\/lamendigapolitica.com\/index.php?rest_route=\/wp\/v2\/posts\/40948\/revisions\/40950"}],"wp:attachment":[{"href":"https:\/\/lamendigapolitica.com\/index.php?rest_route=%2Fwp%2Fv2%2Fmedia&parent=40948"}],"wp:term":[{"taxonomy":"category","embeddable":true,"href":"https:\/\/lamendigapolitica.com\/index.php?rest_route=%2Fwp%2Fv2%2Fcategories&post=40948"},{"taxonomy":"post_tag","embeddable":true,"href":"https:\/\/lamendigapolitica.com\/index.php?rest_route=%2Fwp%2Fv2%2Ftags&post=40948"}],"curies":[{"name":"wp","href":"https:\/\/api.w.org\/{rel}","templated":true}]}}