{"id":40939,"date":"2016-09-12T10:58:23","date_gmt":"2016-09-12T15:58:23","guid":{"rendered":"http:\/\/lamendigapolitica.com\/blog\/?p=40939"},"modified":"2016-09-12T11:23:41","modified_gmt":"2016-09-12T16:23:41","slug":"efemerides-del-12-de-septiembre","status":"publish","type":"post","link":"https:\/\/lamendigapolitica.com\/?p=40939","title":{"rendered":"Efem\u00e9rides del 12 de septiembre"},"content":{"rendered":"<p><a href=\"https:\/\/lamendigapolitica.com\/blog\/blog\/wp-content\/uploads\/2016\/09\/chapu.jpg\" rel=\"attachment wp-att-40940\"><img loading=\"lazy\" decoding=\"async\" class=\"aligncenter wp-image-40940\" src=\"https:\/\/lamendigapolitica.com\/blog\/blog\/wp-content\/uploads\/2016\/09\/chapu.jpg\" alt=\"chapu\" width=\"408\" height=\"245\" \/><\/a><\/p>\n<p>&nbsp;<\/p>\n<p>1829: Despu\u00e9s de atacar a Tampico, las \u00faltimas fuerzas espa\u00f1olas se rinden; firman la paz Antonio Lopez de Santa Anna y Manuel Mier y Ter\u00e1n.<\/p>\n<p>&nbsp;<\/p>\n<p>1847: Tropas estadounidenses inician el ataque al Castillo de Chapultepec, en la Ciudad de M\u00e9xico, el cual es defendido por el Batall\u00f3n de San Blas y alumnos del Colegio Militar, acto que recordamos como: los \u00abNi\u00f1os H\u00e9roes\u00bb.<\/p>\n<p>&nbsp;<\/p>\n<p>1973: en Santiago de Chile, el diario La Segunda anuncia que el cantante V\u00edctor Jara ha fallecido de manera no violenta, y que su sepelio ha sido de car\u00e1cter privado. En realidad, Jara estaba siendo torturado y ser\u00eda asesinado cuatro d\u00edas despu\u00e9s.<\/p>\n<p>&nbsp;<\/p>\n<p>2002: Arque\u00f3logos franceses encuentran la primera cueva preparada como vivienda troglodita, debajo de la casa del escritor Honorato de Balzac, donde reside de 1840 a 1847<\/p>\n<p>&nbsp;<\/p>\n<p>2008: Pierde la vida el escritor estadounidense David Foster Wallace, autor de \u00abLa broma infinita\u00bb (1996), considerada por la revista \u00abTime\u00bb como una de las 100 mejores novelas en lengua inglesa del per\u00edodo comprendido entre 1923 y 2006. Nace el 21 de febrero de 1962.<\/p>\n<p>&nbsp;<\/p>\n<p>2001: EUA declara a Osama Bin Laden, como principal sospechoso de los ataques terroristas a Washington y New York.<\/p>\n<p>&nbsp;<\/p>\n<p>2014: Hallan diputados anomal\u00edas sin fin de Grupo M\u00e9xico<\/p>\n","protected":false},"excerpt":{"rendered":"<p>&nbsp; 1829: Despu\u00e9s de atacar a Tampico, las \u00faltimas fuerzas espa\u00f1olas se rinden; firman la paz Antonio Lopez de Santa Anna y Manuel Mier y Ter\u00e1n. &nbsp; 1847: Tropas estadounidenses inician el ataque al Castillo de Chapultepec, en la Ciudad de M\u00e9xico, el cual es defendido por el Batall\u00f3n de San Blas y alumnos del &hellip; <\/p>\n<p><a class=\"more-link btn\" href=\"https:\/\/lamendigapolitica.com\/?p=40939\">Seguir leyendo<\/a><\/p>\n","protected":false},"author":1,"featured_media":0,"comment_status":"open","ping_status":"closed","sticky":false,"template":"","format":"standard","meta":{"footnotes":""},"categories":[6,26,20,31,3,22],"tags":[],"class_list":["post-40939","post","type-post","status-publish","format-standard","hentry","category-congreso","category-cultura","category-gobierno","category-internacional","category-politica","category-sociales","item-wrap"],"_links":{"self":[{"href":"https:\/\/lamendigapolitica.com\/index.php?rest_route=\/wp\/v2\/posts\/40939","targetHints":{"allow":["GET"]}}],"collection":[{"href":"https:\/\/lamendigapolitica.com\/index.php?rest_route=\/wp\/v2\/posts"}],"about":[{"href":"https:\/\/lamendigapolitica.com\/index.php?rest_route=\/wp\/v2\/types\/post"}],"author":[{"embeddable":true,"href":"https:\/\/lamendigapolitica.com\/index.php?rest_route=\/wp\/v2\/users\/1"}],"replies":[{"embeddable":true,"href":"https:\/\/lamendigapolitica.com\/index.php?rest_route=%2Fwp%2Fv2%2Fcomments&post=40939"}],"version-history":[{"count":4,"href":"https:\/\/lamendigapolitica.com\/index.php?rest_route=\/wp\/v2\/posts\/40939\/revisions"}],"predecessor-version":[{"id":40947,"href":"https:\/\/lamendigapolitica.com\/index.php?rest_route=\/wp\/v2\/posts\/40939\/revisions\/40947"}],"wp:attachment":[{"href":"https:\/\/lamendigapolitica.com\/index.php?rest_route=%2Fwp%2Fv2%2Fmedia&parent=40939"}],"wp:term":[{"taxonomy":"category","embeddable":true,"href":"https:\/\/lamendigapolitica.com\/index.php?rest_route=%2Fwp%2Fv2%2Fcategories&post=40939"},{"taxonomy":"post_tag","embeddable":true,"href":"https:\/\/lamendigapolitica.com\/index.php?rest_route=%2Fwp%2Fv2%2Ftags&post=40939"}],"curies":[{"name":"wp","href":"https:\/\/api.w.org\/{rel}","templated":true}]}}