{"id":40895,"date":"2016-09-11T09:20:39","date_gmt":"2016-09-11T14:20:39","guid":{"rendered":"http:\/\/lamendigapolitica.com\/blog\/?p=40895"},"modified":"2016-09-11T09:20:39","modified_gmt":"2016-09-11T14:20:39","slug":"amalia-perez-se-cuelga-el-oro-en-levantamiento-de-potencia","status":"publish","type":"post","link":"https:\/\/lamendigapolitica.com\/?p=40895","title":{"rendered":"Amalia P\u00e9rez se cuelga el oro en levantamiento de potencia"},"content":{"rendered":"<p><a href=\"https:\/\/lamendigapolitica.com\/blog\/blog\/wp-content\/uploads\/2016\/09\/pesista.jpg\" rel=\"attachment wp-att-40896\"><img loading=\"lazy\" decoding=\"async\" class=\"aligncenter  wp-image-40896\" src=\"https:\/\/lamendigapolitica.com\/blog\/blog\/wp-content\/uploads\/2016\/09\/pesista.jpg\" alt=\"pesista\" width=\"373\" height=\"248\" \/><\/a><\/p>\n<p>&nbsp;<\/p>\n<p>Con r\u00e9cord mundial y paral\u00edmpico Amalia P\u00e9rez lig\u00f3 su tercer oro en el mismo n\u00famero de ediciones de Juegos Paral\u00edmpicos. La mexicana brill\u00f3 ayer en el levantamiento de potencia, en la categor\u00eda de menos de 55 kilogramos, en los Juegos de R\u00edo 2016, informa hoy Excelsior.<\/p>\n<p>&nbsp;<\/p>\n<p>P\u00e9rez V\u00e1zquez soport\u00f3 130 kilogramos, para superar a la nigeriana Esther Oyema (127), plata, y a la china Cuijuan Xiao (115), bronce. La experimentada pressbanquista, quien desde 1991 pr\u00e1ctica esta disciplina, impuso su fortaleza y t\u00e9cnica para registrar la mejor puntuaci\u00f3n en las instalaciones del Riocentro Pabell\u00f3n 2 y hacer sonar el Himno Nacional Mexicano. \u201cVi que los dem\u00e1s equipos hac\u00edan su estrategia y entonces intent\u00e9 hacer la m\u00eda\u201d, asegur\u00f3 la deportista capitalina, quien fue apoyada por el p\u00fablico brasile\u00f1o a lo largo de sus intentos.<\/p>\n<p>&nbsp;<\/p>\n<p>A pesar de que inici\u00f3 su camino al oro con un intento fallido de 120 kilos, en la segunda oportunidad logr\u00f3 el peso. En el tercero y \u00faltimo intento, le subi\u00f3 a las pesas 10 kilogramos para superar a Oyema, quien hab\u00eda levantado 127, que en su momento era r\u00e9cord mundial y la proyectaba para finalizar primera. La africana intent\u00f3 igualar los 130 kilogramos de Amalia en su \u00faltimo intento, pero no pudo.<\/p>\n<p>&nbsp;<\/p>\n<p>P\u00e9rez gan\u00f3 plata en Sydney 2000 y Atenas 2004, mientras que en Beijing 2008 y Londres 2012 se fue con el t\u00edtulo; su t\u00edtulo de ayer en R\u00edo 2016 la ratifica entre las mejores deportistas paral\u00edmpicas en la historia nacional, asegur\u00f3 que aunque cada justa tiene su propia vibra sinti\u00f3 algo especial en R\u00edo, y coment\u00f3 que buscar\u00e1 llegar a sus sextos Paral\u00edmpicos en Tokio 2020.<\/p>\n","protected":false},"excerpt":{"rendered":"<p>&nbsp; Con r\u00e9cord mundial y paral\u00edmpico Amalia P\u00e9rez lig\u00f3 su tercer oro en el mismo n\u00famero de ediciones de Juegos Paral\u00edmpicos. La mexicana brill\u00f3 ayer en el levantamiento de potencia, en la categor\u00eda de menos de 55 kilogramos, en los Juegos de R\u00edo 2016, informa hoy Excelsior. &nbsp; P\u00e9rez V\u00e1zquez soport\u00f3 130 kilogramos, para superar &hellip; <\/p>\n<p><a class=\"more-link btn\" href=\"https:\/\/lamendigapolitica.com\/?p=40895\">Seguir leyendo<\/a><\/p>\n","protected":false},"author":1,"featured_media":0,"comment_status":"open","ping_status":"closed","sticky":false,"template":"","format":"standard","meta":{"footnotes":""},"categories":[6,20,3,22],"tags":[],"class_list":["post-40895","post","type-post","status-publish","format-standard","hentry","category-congreso","category-gobierno","category-politica","category-sociales","item-wrap"],"_links":{"self":[{"href":"https:\/\/lamendigapolitica.com\/index.php?rest_route=\/wp\/v2\/posts\/40895","targetHints":{"allow":["GET"]}}],"collection":[{"href":"https:\/\/lamendigapolitica.com\/index.php?rest_route=\/wp\/v2\/posts"}],"about":[{"href":"https:\/\/lamendigapolitica.com\/index.php?rest_route=\/wp\/v2\/types\/post"}],"author":[{"embeddable":true,"href":"https:\/\/lamendigapolitica.com\/index.php?rest_route=\/wp\/v2\/users\/1"}],"replies":[{"embeddable":true,"href":"https:\/\/lamendigapolitica.com\/index.php?rest_route=%2Fwp%2Fv2%2Fcomments&post=40895"}],"version-history":[{"count":1,"href":"https:\/\/lamendigapolitica.com\/index.php?rest_route=\/wp\/v2\/posts\/40895\/revisions"}],"predecessor-version":[{"id":40897,"href":"https:\/\/lamendigapolitica.com\/index.php?rest_route=\/wp\/v2\/posts\/40895\/revisions\/40897"}],"wp:attachment":[{"href":"https:\/\/lamendigapolitica.com\/index.php?rest_route=%2Fwp%2Fv2%2Fmedia&parent=40895"}],"wp:term":[{"taxonomy":"category","embeddable":true,"href":"https:\/\/lamendigapolitica.com\/index.php?rest_route=%2Fwp%2Fv2%2Fcategories&post=40895"},{"taxonomy":"post_tag","embeddable":true,"href":"https:\/\/lamendigapolitica.com\/index.php?rest_route=%2Fwp%2Fv2%2Ftags&post=40895"}],"curies":[{"name":"wp","href":"https:\/\/api.w.org\/{rel}","templated":true}]}}