{"id":40886,"date":"2016-09-10T19:39:26","date_gmt":"2016-09-11T00:39:26","guid":{"rendered":"http:\/\/lamendigapolitica.com\/blog\/?p=40886"},"modified":"2016-09-10T19:39:26","modified_gmt":"2016-09-11T00:39:26","slug":"otro-oro-para-mexico-en-judo-dentro-de-los-paralimpicos","status":"publish","type":"post","link":"https:\/\/lamendigapolitica.com\/?p=40886","title":{"rendered":"Otro oro para M\u00e9xico en judo dentro de los Paral\u00edmpicos"},"content":{"rendered":"<p><a href=\"https:\/\/lamendigapolitica.com\/blog\/blog\/wp-content\/uploads\/2016\/09\/judoca.jpg\" rel=\"attachment wp-att-40887\"><img loading=\"lazy\" decoding=\"async\" class=\"aligncenter  wp-image-40887\" src=\"https:\/\/lamendigapolitica.com\/blog\/blog\/wp-content\/uploads\/2016\/09\/judoca.jpg\" alt=\"judoca\" width=\"411\" height=\"233\" \/><\/a><\/p>\n<p>&nbsp;<\/p>\n<p>La judoca mexicana Lenia Ruvalcaba se colg\u00f3 la medalla de oro en la categor\u00eda de los -70 kil\u00f3gramos en los Juegos Paral\u00edmpicos de R\u00edo 2016.<\/p>\n<p>&nbsp;<\/p>\n<p>Ruvalcaba \u00c1lvarez derrot\u00f3 en la final a la brasile\u00f1a Alana Martins Maldonado en la final de esta disciplina celebrada en la Arenca Carioca 3.<\/p>\n<p>&nbsp;<\/p>\n<p>Esta es la segunda presea de oro del s\u00e1bado, despu\u00e9s de la obtenida por Amalia P\u00e9rez en levantamiento de potencia.<\/p>\n<p>&nbsp;<\/p>\n<p>Adem\u00e1s, Salvador Hern\u00e1ndez gan\u00f3 bronce en los 100 metros masculino.<\/p>\n","protected":false},"excerpt":{"rendered":"<p>&nbsp; La judoca mexicana Lenia Ruvalcaba se colg\u00f3 la medalla de oro en la categor\u00eda de los -70 kil\u00f3gramos en los Juegos Paral\u00edmpicos de R\u00edo 2016. &nbsp; Ruvalcaba \u00c1lvarez derrot\u00f3 en la final a la brasile\u00f1a Alana Martins Maldonado en la final de esta disciplina celebrada en la Arenca Carioca 3. &nbsp; Esta es la &hellip; <\/p>\n<p><a class=\"more-link btn\" href=\"https:\/\/lamendigapolitica.com\/?p=40886\">Seguir leyendo<\/a><\/p>\n","protected":false},"author":1,"featured_media":0,"comment_status":"open","ping_status":"closed","sticky":false,"template":"","format":"standard","meta":{"footnotes":""},"categories":[23,20,3,22],"tags":[],"class_list":["post-40886","post","type-post","status-publish","format-standard","hentry","category-deportes","category-gobierno","category-politica","category-sociales","item-wrap"],"_links":{"self":[{"href":"https:\/\/lamendigapolitica.com\/index.php?rest_route=\/wp\/v2\/posts\/40886","targetHints":{"allow":["GET"]}}],"collection":[{"href":"https:\/\/lamendigapolitica.com\/index.php?rest_route=\/wp\/v2\/posts"}],"about":[{"href":"https:\/\/lamendigapolitica.com\/index.php?rest_route=\/wp\/v2\/types\/post"}],"author":[{"embeddable":true,"href":"https:\/\/lamendigapolitica.com\/index.php?rest_route=\/wp\/v2\/users\/1"}],"replies":[{"embeddable":true,"href":"https:\/\/lamendigapolitica.com\/index.php?rest_route=%2Fwp%2Fv2%2Fcomments&post=40886"}],"version-history":[{"count":1,"href":"https:\/\/lamendigapolitica.com\/index.php?rest_route=\/wp\/v2\/posts\/40886\/revisions"}],"predecessor-version":[{"id":40888,"href":"https:\/\/lamendigapolitica.com\/index.php?rest_route=\/wp\/v2\/posts\/40886\/revisions\/40888"}],"wp:attachment":[{"href":"https:\/\/lamendigapolitica.com\/index.php?rest_route=%2Fwp%2Fv2%2Fmedia&parent=40886"}],"wp:term":[{"taxonomy":"category","embeddable":true,"href":"https:\/\/lamendigapolitica.com\/index.php?rest_route=%2Fwp%2Fv2%2Fcategories&post=40886"},{"taxonomy":"post_tag","embeddable":true,"href":"https:\/\/lamendigapolitica.com\/index.php?rest_route=%2Fwp%2Fv2%2Ftags&post=40886"}],"curies":[{"name":"wp","href":"https:\/\/api.w.org\/{rel}","templated":true}]}}