{"id":40875,"date":"2016-09-10T11:07:05","date_gmt":"2016-09-10T16:07:05","guid":{"rendered":"http:\/\/lamendigapolitica.com\/blog\/?p=40875"},"modified":"2016-09-10T12:02:14","modified_gmt":"2016-09-10T17:02:14","slug":"efemerides-del-10-de-septiembre","status":"publish","type":"post","link":"https:\/\/lamendigapolitica.com\/?p=40875","title":{"rendered":"Efem\u00e9rides del 10 de septiembre"},"content":{"rendered":"<p><a href=\"https:\/\/lamendigapolitica.com\/blog\/blog\/wp-content\/uploads\/2016\/09\/avanaro.jpg\" rel=\"attachment wp-att-40876\"><img loading=\"lazy\" decoding=\"async\" class=\"aligncenter wp-image-40876\" src=\"https:\/\/lamendigapolitica.com\/blog\/blog\/wp-content\/uploads\/2016\/09\/avanaro.jpg\" alt=\"avanaro\" width=\"368\" height=\"244\" \/><\/a><\/p>\n<p>&nbsp;<\/p>\n<p>1749.- Muere la escritora francesa Emilie Le Tonnelier de Breuil, marquesa du Chatelet. Abandona la corte parisina y a su marido para unirse a Voltaire, quien sostiene que de ella es el libro \u00abElementos de la filosof\u00eda de Newton\u00bb. Nace el 17 de diciembre de 1706.<\/p>\n<p>&nbsp;<\/p>\n<p>1797.- Fallece la escritora brit\u00e1nica Mary Wollstonecraft, madre de la escritora Mary Shelley. Es reconocida como una de las primeras mujeres ilustradas en exigir igualdad de derechos para ambos sexos. Nace el 27 de abril de 1759.<\/p>\n<p>&nbsp;<\/p>\n<p>1846 Batalla en Laredo, Texas, entre tropas mexicanas y americanas, en la ef\u00edmera capital de Rep\u00fablica del R\u00edo Grande.<\/p>\n<p>&nbsp;<\/p>\n<p>1847 Furzas invasoras de EUA: ahorcan en Mixcoac, otros cuatro irlandeses del Batall\u00f3n de San Patricio que hab\u00edan cambiado bando para apoyar a las fuerzas mexicanas.<\/p>\n<p>&nbsp;<\/p>\n<p>1852.- Llega a este mundo el compositor mexicano Genaro Codina. Autor de una vasta producci\u00f3n musical, entre polkas y chotises, la m\u00e1s famosa de ellas es \u00abLa marcha de Zacatecas\u00bb. Muere el 22 de noviembre de 1901.<\/p>\n<p>&nbsp;<\/p>\n<p>1971 En M\u00e9xico \u00a0se lleva a cabo el concierto de Rock de Av\u00e1ndaro.<\/p>\n<p>&nbsp;<\/p>\n<p>2011 El poeta Sicilia inicia Caravana por la Paz, en M\u00e9xico<\/p>\n","protected":false},"excerpt":{"rendered":"<p>&nbsp; 1749.- Muere la escritora francesa Emilie Le Tonnelier de Breuil, marquesa du Chatelet. Abandona la corte parisina y a su marido para unirse a Voltaire, quien sostiene que de ella es el libro \u00abElementos de la filosof\u00eda de Newton\u00bb. Nace el 17 de diciembre de 1706. &nbsp; 1797.- Fallece la escritora brit\u00e1nica Mary Wollstonecraft, &hellip; <\/p>\n<p><a class=\"more-link btn\" href=\"https:\/\/lamendigapolitica.com\/?p=40875\">Seguir leyendo<\/a><\/p>\n","protected":false},"author":1,"featured_media":0,"comment_status":"open","ping_status":"closed","sticky":false,"template":"","format":"standard","meta":{"footnotes":""},"categories":[26,20,31,22],"tags":[],"class_list":["post-40875","post","type-post","status-publish","format-standard","hentry","category-cultura","category-gobierno","category-internacional","category-sociales","item-wrap"],"_links":{"self":[{"href":"https:\/\/lamendigapolitica.com\/index.php?rest_route=\/wp\/v2\/posts\/40875","targetHints":{"allow":["GET"]}}],"collection":[{"href":"https:\/\/lamendigapolitica.com\/index.php?rest_route=\/wp\/v2\/posts"}],"about":[{"href":"https:\/\/lamendigapolitica.com\/index.php?rest_route=\/wp\/v2\/types\/post"}],"author":[{"embeddable":true,"href":"https:\/\/lamendigapolitica.com\/index.php?rest_route=\/wp\/v2\/users\/1"}],"replies":[{"embeddable":true,"href":"https:\/\/lamendigapolitica.com\/index.php?rest_route=%2Fwp%2Fv2%2Fcomments&post=40875"}],"version-history":[{"count":3,"href":"https:\/\/lamendigapolitica.com\/index.php?rest_route=\/wp\/v2\/posts\/40875\/revisions"}],"predecessor-version":[{"id":40882,"href":"https:\/\/lamendigapolitica.com\/index.php?rest_route=\/wp\/v2\/posts\/40875\/revisions\/40882"}],"wp:attachment":[{"href":"https:\/\/lamendigapolitica.com\/index.php?rest_route=%2Fwp%2Fv2%2Fmedia&parent=40875"}],"wp:term":[{"taxonomy":"category","embeddable":true,"href":"https:\/\/lamendigapolitica.com\/index.php?rest_route=%2Fwp%2Fv2%2Fcategories&post=40875"},{"taxonomy":"post_tag","embeddable":true,"href":"https:\/\/lamendigapolitica.com\/index.php?rest_route=%2Fwp%2Fv2%2Ftags&post=40875"}],"curies":[{"name":"wp","href":"https:\/\/api.w.org\/{rel}","templated":true}]}}