{"id":40870,"date":"2016-09-10T10:42:38","date_gmt":"2016-09-10T15:42:38","guid":{"rendered":"http:\/\/lamendigapolitica.com\/blog\/?p=40870"},"modified":"2016-09-10T10:42:38","modified_gmt":"2016-09-10T15:42:38","slug":"quien-autorizo-concierto-en-bellas-artes-de-mijares-debe-renunciar","status":"publish","type":"post","link":"https:\/\/lamendigapolitica.com\/?p=40870","title":{"rendered":"Quien autoriz\u00f3 concierto en Bellas Artes de Mijares debe renunciar"},"content":{"rendered":"<p><a href=\"https:\/\/lamendigapolitica.com\/blog\/blog\/wp-content\/uploads\/2016\/09\/mijares.jpg\" rel=\"attachment wp-att-40871\"><img loading=\"lazy\" decoding=\"async\" class=\"aligncenter  wp-image-40871\" src=\"https:\/\/lamendigapolitica.com\/blog\/blog\/wp-content\/uploads\/2016\/09\/mijares.jpg\" alt=\"mijares\" width=\"378\" height=\"232\" \/><\/a><\/p>\n<p>&nbsp;<\/p>\n<p>El responsable de la autorizaci\u00f3n del concierto privado que el cantante de m\u00fasica popular Mijares realiz\u00f3 el mi\u00e9rcoles pasado en el Palacio de Bellas Artes, no s\u00f3lo deber\u00e1 renunciar, sino recibir una sanci\u00f3n administrativa, considera Bolfy Cottom, antrop\u00f3logo y especialista en legislaci\u00f3n cultural. \u201cEs un asunto sumamente delicado, grave, por la se\u00f1al que se est\u00e1 mandando respecto de los usos que se est\u00e1n haciendo de este tipo de bienes p\u00fablicos\u201d, publica hoy Excelsior.<\/p>\n<p>&nbsp;<\/p>\n<p>El recital del cantante popular \u2014que dur\u00f3 una hora y 20 minutos\u2014 se llev\u00f3 a cabo de manera privada y exclusiva: s\u00f3lo asisti\u00f3 un reducido p\u00fablico elegido previamente. El cantante estuvo acompa\u00f1ado de la Orquesta Sinf\u00f3nica de la Benem\u00e9rita Universidad Aut\u00f3noma de Puebla, tuvo como objetivo la grabaci\u00f3n de un disco y un DVD que ser\u00e1n lanzados comercialmente en diciembre pr\u00f3ximo.<\/p>\n<p>&nbsp;<\/p>\n<p>Yo no s\u00e9 nada al respecto\u201d, dijo el jueves a este diario Roberto Perea, director de Difusi\u00f3n y Relaciones P\u00fablicas del Instituto Nacional de Bellas Artes (INBA), organismo que administra el que es considerado el recinto cultural m\u00e1s importante del pa\u00eds. En tanto, la Secretar\u00eda de Cultura no respondi\u00f3 a la solicitud de informaci\u00f3n acerca de los t\u00e9rminos en los que se llev\u00f3 a cabo el recital privado.<\/p>\n<p>&nbsp;<\/p>\n<p>Por su parte, el diputado Santiago Taboada, presidente de la Comisi\u00f3n de Cultura, dijo que la pr\u00f3xima semana se llevar\u00e1 a cabo \u201cuna pl\u00e1tica\u201d con la Secretar\u00eda de Cultura, que encabeza Rafael Tovar, para \u201ctener m\u00e1s informaci\u00f3n al respecto\u201d. Cottom opina que la utilizaci\u00f3n del espacio p\u00fablico con fines privados podr\u00eda representar violaciones a la Ley General de Bienes Nacionales. \u201cSe est\u00e1 violando lo que dispone el derecho civil respecto del uso de bienes de car\u00e1cter p\u00fablico, de uso com\u00fan, con las limitaciones que impone la norma; en segundo lugar se viola la clasificaci\u00f3n que hace la Ley de Bienes Nacionales donde dice que los bienes de car\u00e1cter p\u00fablico no pueden ser usados con fines de car\u00e1cter privado\u201d.<\/p>\n<p>&nbsp;<\/p>\n<p>Como en otros casos \u2014tal como el uso de las instalaciones de la Megabiblioteca para una pasarela de moda que termin\u00f3 con el despido de Sa\u00fal Ju\u00e1rez (funcionario en la actual Secretar\u00eda de Cultura) como titular de Bibliotecas en 2007\u2014, la autorizaci\u00f3n para efectuar el concierto privado deber\u00e1 arrojar a responsabilidades, afirma el especialista.<\/p>\n","protected":false},"excerpt":{"rendered":"<p>&nbsp; El responsable de la autorizaci\u00f3n del concierto privado que el cantante de m\u00fasica popular Mijares realiz\u00f3 el mi\u00e9rcoles pasado en el Palacio de Bellas Artes, no s\u00f3lo deber\u00e1 renunciar, sino recibir una sanci\u00f3n administrativa, considera Bolfy Cottom, antrop\u00f3logo y especialista en legislaci\u00f3n cultural. \u201cEs un asunto sumamente delicado, grave, por la se\u00f1al que se &hellip; <\/p>\n<p><a class=\"more-link btn\" href=\"https:\/\/lamendigapolitica.com\/?p=40870\">Seguir leyendo<\/a><\/p>\n","protected":false},"author":1,"featured_media":0,"comment_status":"open","ping_status":"closed","sticky":false,"template":"","format":"standard","meta":{"footnotes":""},"categories":[6,26,20,22],"tags":[],"class_list":["post-40870","post","type-post","status-publish","format-standard","hentry","category-congreso","category-cultura","category-gobierno","category-sociales","item-wrap"],"_links":{"self":[{"href":"https:\/\/lamendigapolitica.com\/index.php?rest_route=\/wp\/v2\/posts\/40870","targetHints":{"allow":["GET"]}}],"collection":[{"href":"https:\/\/lamendigapolitica.com\/index.php?rest_route=\/wp\/v2\/posts"}],"about":[{"href":"https:\/\/lamendigapolitica.com\/index.php?rest_route=\/wp\/v2\/types\/post"}],"author":[{"embeddable":true,"href":"https:\/\/lamendigapolitica.com\/index.php?rest_route=\/wp\/v2\/users\/1"}],"replies":[{"embeddable":true,"href":"https:\/\/lamendigapolitica.com\/index.php?rest_route=%2Fwp%2Fv2%2Fcomments&post=40870"}],"version-history":[{"count":1,"href":"https:\/\/lamendigapolitica.com\/index.php?rest_route=\/wp\/v2\/posts\/40870\/revisions"}],"predecessor-version":[{"id":40872,"href":"https:\/\/lamendigapolitica.com\/index.php?rest_route=\/wp\/v2\/posts\/40870\/revisions\/40872"}],"wp:attachment":[{"href":"https:\/\/lamendigapolitica.com\/index.php?rest_route=%2Fwp%2Fv2%2Fmedia&parent=40870"}],"wp:term":[{"taxonomy":"category","embeddable":true,"href":"https:\/\/lamendigapolitica.com\/index.php?rest_route=%2Fwp%2Fv2%2Fcategories&post=40870"},{"taxonomy":"post_tag","embeddable":true,"href":"https:\/\/lamendigapolitica.com\/index.php?rest_route=%2Fwp%2Fv2%2Ftags&post=40870"}],"curies":[{"name":"wp","href":"https:\/\/api.w.org\/{rel}","templated":true}]}}