{"id":40867,"date":"2016-09-10T10:31:53","date_gmt":"2016-09-10T15:31:53","guid":{"rendered":"http:\/\/lamendigapolitica.com\/blog\/?p=40867"},"modified":"2016-09-10T10:31:53","modified_gmt":"2016-09-10T15:31:53","slug":"afectados-podrian-demandar-en-eu-por-el-11s","status":"publish","type":"post","link":"https:\/\/lamendigapolitica.com\/?p=40867","title":{"rendered":"Afectados podr\u00edan demandar en EU por el 11S"},"content":{"rendered":"<p><a href=\"https:\/\/lamendigapolitica.com\/blog\/blog\/wp-content\/uploads\/2016\/09\/11s.jpg\" rel=\"attachment wp-att-40868\"><img loading=\"lazy\" decoding=\"async\" class=\"aligncenter  wp-image-40868\" src=\"https:\/\/lamendigapolitica.com\/blog\/blog\/wp-content\/uploads\/2016\/09\/11s.jpg\" alt=\"11s\" width=\"421\" height=\"236\" \/><\/a><\/p>\n<p>&nbsp;<\/p>\n<p>Las familias y allegados de v\u00edctimas de\u00a0 los\u00a0 atentados del 11 de septiembre de 2001 podr\u00edan demandar ante la justicia estadunidense a otros pa\u00edses, como Arabia Saudita, seg\u00fan una ley aprobada ayer por el Congreso de Estados Unidos. Al menos 15 de los 19 secuestradores que ejecutaron los ataques terroristas en Nueva York, Washington y Pensilvania eran de origen saudita, aunque el gobierno de ese pa\u00eds ha negado cualquier tipo de papel en los atentados en Estados Unidos.<\/p>\n<p>&nbsp;<\/p>\n<p>El proyecto de ley, rechazado por Riad, debe ser todav\u00eda revisado por el presidente estadunidense, Barack Obama, quien ya hab\u00eda expresado su oposici\u00f3n a tal medida, puesto que contradice el principio de inmunidad. Aunque el Presidente no ha emitido una amenaza formal de veto, la Casa Blanca hab\u00eda se\u00f1alado despu\u00e9s de la votaci\u00f3n del Senado en mayo pasado que el proyecto de ley dif\u00edcilmente ser\u00eda promulgado por Obama, debido a que Arabia Saudita es visto como un aliado clave en la regi\u00f3n.<\/p>\n<p>&nbsp;<\/p>\n<p>A pesar de la oposici\u00f3n del presidente estadunidense, una iniciativa de ley id\u00e9ntica hab\u00eda sido aprobada de manera un\u00e1nime por el Senado, por lo que el destino final depender\u00e1 del mandatario, que tiene la opci\u00f3n de vetar la propuesta de legislaci\u00f3n. Si Obama veta la llamada Ley de Justicia contra los Patrocinadores del Terrorismo, se requieren dos terceras partes de los miembros de la C\u00e1mara de Representantes y del Senado para invalidar el veto presidencial. Bajo la ley actual, las v\u00edctimas de terrorismo pueden demandar solamente a los pa\u00edses designados por el Departamento de Estado como patrocinadores del terrorismo, como Ir\u00e1n y Siria.<\/p>\n<p>&nbsp;<\/p>\n<p>No se ha probado la existencia de una complicidad oficial de Arabia Saudita en los ataques y el reino nunca ha sido implicado formalmente. Obama promulga la iniciativa, los tribunales de Estados Unidos podr\u00edan aceptar demandas de familiares de las casi tres mil v\u00edctimas mortales y los m\u00e1s de seis mil heridos que causaron los ataques.<\/p>\n","protected":false},"excerpt":{"rendered":"<p>&nbsp; Las familias y allegados de v\u00edctimas de\u00a0 los\u00a0 atentados del 11 de septiembre de 2001 podr\u00edan demandar ante la justicia estadunidense a otros pa\u00edses, como Arabia Saudita, seg\u00fan una ley aprobada ayer por el Congreso de Estados Unidos. Al menos 15 de los 19 secuestradores que ejecutaron los ataques terroristas en Nueva York, Washington &hellip; <\/p>\n<p><a class=\"more-link btn\" href=\"https:\/\/lamendigapolitica.com\/?p=40867\">Seguir leyendo<\/a><\/p>\n","protected":false},"author":1,"featured_media":0,"comment_status":"open","ping_status":"closed","sticky":false,"template":"","format":"standard","meta":{"footnotes":""},"categories":[20,31,3,27],"tags":[],"class_list":["post-40867","post","type-post","status-publish","format-standard","hentry","category-gobierno","category-internacional","category-politica","category-seguridad","item-wrap"],"_links":{"self":[{"href":"https:\/\/lamendigapolitica.com\/index.php?rest_route=\/wp\/v2\/posts\/40867","targetHints":{"allow":["GET"]}}],"collection":[{"href":"https:\/\/lamendigapolitica.com\/index.php?rest_route=\/wp\/v2\/posts"}],"about":[{"href":"https:\/\/lamendigapolitica.com\/index.php?rest_route=\/wp\/v2\/types\/post"}],"author":[{"embeddable":true,"href":"https:\/\/lamendigapolitica.com\/index.php?rest_route=\/wp\/v2\/users\/1"}],"replies":[{"embeddable":true,"href":"https:\/\/lamendigapolitica.com\/index.php?rest_route=%2Fwp%2Fv2%2Fcomments&post=40867"}],"version-history":[{"count":1,"href":"https:\/\/lamendigapolitica.com\/index.php?rest_route=\/wp\/v2\/posts\/40867\/revisions"}],"predecessor-version":[{"id":40869,"href":"https:\/\/lamendigapolitica.com\/index.php?rest_route=\/wp\/v2\/posts\/40867\/revisions\/40869"}],"wp:attachment":[{"href":"https:\/\/lamendigapolitica.com\/index.php?rest_route=%2Fwp%2Fv2%2Fmedia&parent=40867"}],"wp:term":[{"taxonomy":"category","embeddable":true,"href":"https:\/\/lamendigapolitica.com\/index.php?rest_route=%2Fwp%2Fv2%2Fcategories&post=40867"},{"taxonomy":"post_tag","embeddable":true,"href":"https:\/\/lamendigapolitica.com\/index.php?rest_route=%2Fwp%2Fv2%2Ftags&post=40867"}],"curies":[{"name":"wp","href":"https:\/\/api.w.org\/{rel}","templated":true}]}}