{"id":40861,"date":"2016-09-10T09:55:10","date_gmt":"2016-09-10T14:55:10","guid":{"rendered":"http:\/\/lamendigapolitica.com\/blog\/?p=40861"},"modified":"2016-09-10T09:55:10","modified_gmt":"2016-09-10T14:55:10","slug":"mexico-y-eu-deben-cambiar-enfoque-en-lucha-antidroga","status":"publish","type":"post","link":"https:\/\/lamendigapolitica.com\/?p=40861","title":{"rendered":"M\u00e9xico y EU deben cambiar enfoque en lucha antidroga"},"content":{"rendered":"<p><a href=\"https:\/\/lamendigapolitica.com\/blog\/blog\/wp-content\/uploads\/2016\/09\/descargadoctor-Juan-Ram\u00f3n-de-la-Fuente.jpg\" rel=\"attachment wp-att-40862\"><img loading=\"lazy\" decoding=\"async\" class=\"aligncenter  wp-image-40862\" src=\"https:\/\/lamendigapolitica.com\/blog\/blog\/wp-content\/uploads\/2016\/09\/descargadoctor-Juan-Ram\u00f3n-de-la-Fuente.jpg\" alt=\"descargadoctor-juan-ramon-de-la-fuente\" width=\"376\" height=\"250\" \/><\/a><\/p>\n<p>&nbsp;<\/p>\n<p>M\u00e9xico y Estados Unidos deben cambiar su enfoque en la lucha conjunta contra el tr\u00e1fico de drogas y dise\u00f1ar una estrategia orientada m\u00e1s a la salud p\u00fablica que a los aspectos punitivos, expuso e doctor Juan Ram\u00f3n de la Fuente, \u00a0ex rector de la Universidad Nacional Aut\u00f3noma de M\u00e9xico (UNAM) y actual director del Aspen Institute en M\u00e9xico, quien \u00a0ofreci\u00f3 \u00a0una conferencia sobre las perspectivas binacionales del uso de drogas a miembros de la Asociaci\u00f3n de Empresarios Mexicanos (AEM) en Estados Unidos.<\/p>\n<p>&nbsp;<\/p>\n<p>El evento fue organizado por la AEM, la UNAM en San Antonio y la Universidad de Texas en San Antonio (UTSA). De la Fuente dijo que los esfuerzos por separado de Estados Unidos y M\u00e9xico en el combate a las drogas no han tra\u00eddo ninguna soluci\u00f3n al problema. El consumo no ha bajado, los precios de la droga se han reducido, los encarcelamientos por consumo y tr\u00e1fico han aumentado, y la cuota de violencia y muertos en M\u00e9xico ha sido muy alta.<\/p>\n<p>&nbsp;<\/p>\n<p>Dijo que la persecuci\u00f3n judicial en el combate a las drogas ha dado como resultado que en la actualidad se tenga a 140 mil personas internadas en las c\u00e1rceles mexicanas por consumir drogas. \u201cNo hemos resuelto mayor cosa\u201d, expres\u00f3. \u201cEs tiempo de cambiar el enfoque persecutivo, no nos lleva mas all\u00e1. Muy poco se resuelve adquiriendo helic\u00f3pteros o sistemas de espionaje, necesitamos un mejor balance\u201d.<\/p>\n<p>&nbsp;<\/p>\n<p>De la Fuente, psiquiatra de profesi\u00f3n que ha dedicado varios a\u00f1os al estudio de las adicciones y quien se desempe\u00f1\u00f3 como secretario de Salud de M\u00e9xico entre 1994 y 1999, dijo que no existe cooperaci\u00f3n ni esfuerzos conjuntos de parte de M\u00e9xico y Estados Unidos para abatir el consumo y el da\u00f1o de las drogas. \u201cNecesitamos un cambio de esquema\u201d, indic\u00f3. \u201cDejar el enfoque punitivo para orientarse m\u00e1s hacia la salud p\u00fablica, como lo han expresado ya m\u00faltiples expertos y l\u00edderes en todo el mundo. El clamor va creciendo\u201d, apunt\u00f3. La militarizaci\u00f3n no resuelve un problema de salud, se\u00f1al\u00f3. Tenemos que cambiar para enfocarnos en la prevenci\u00f3n, educaci\u00f3n y rehabilitaci\u00f3n, dijo.<\/p>\n<p>&nbsp;<\/p>\n<p>\u201cSi lo hacemos de com\u00fan acuerdo M\u00e9xico y Estados Unidos, en los pr\u00f3ximos 10 a\u00f1os tendremos un mejor panorama\u201d. De no darse un cambio, afirm\u00f3, en los pr\u00f3ximos 10 a\u00f1os el problema \u201cser\u00e1 peor con m\u00e1s droga y m\u00e1s violencia en las calles\u201d. De la Fuente dijo que se ha dedicado en los \u00faltimos a\u00f1os a abogar por un cambio en el enfoque de la lucha antidrogas, debido a tres razones. Por un inter\u00e9s profesional al ser un tema de salud mental; por la preocupaci\u00f3n al tocar fibras sensibles ante la inseguridad y la violencia, y porque la democracia mexicana debe demostrar que la sociedad civil puede hacer pol\u00edticas que incidan en la vida del pa\u00eds.<\/p>\n","protected":false},"excerpt":{"rendered":"<p>&nbsp; M\u00e9xico y Estados Unidos deben cambiar su enfoque en la lucha conjunta contra el tr\u00e1fico de drogas y dise\u00f1ar una estrategia orientada m\u00e1s a la salud p\u00fablica que a los aspectos punitivos, expuso e doctor Juan Ram\u00f3n de la Fuente, \u00a0ex rector de la Universidad Nacional Aut\u00f3noma de M\u00e9xico (UNAM) y actual director del &hellip; <\/p>\n<p><a class=\"more-link btn\" href=\"https:\/\/lamendigapolitica.com\/?p=40861\">Seguir leyendo<\/a><\/p>\n","protected":false},"author":1,"featured_media":0,"comment_status":"open","ping_status":"closed","sticky":false,"template":"","format":"standard","meta":{"footnotes":""},"categories":[6,20,5,3,29,27],"tags":[],"class_list":["post-40861","post","type-post","status-publish","format-standard","hentry","category-congreso","category-gobierno","category-partidos","category-politica","category-salud","category-seguridad","item-wrap"],"_links":{"self":[{"href":"https:\/\/lamendigapolitica.com\/index.php?rest_route=\/wp\/v2\/posts\/40861","targetHints":{"allow":["GET"]}}],"collection":[{"href":"https:\/\/lamendigapolitica.com\/index.php?rest_route=\/wp\/v2\/posts"}],"about":[{"href":"https:\/\/lamendigapolitica.com\/index.php?rest_route=\/wp\/v2\/types\/post"}],"author":[{"embeddable":true,"href":"https:\/\/lamendigapolitica.com\/index.php?rest_route=\/wp\/v2\/users\/1"}],"replies":[{"embeddable":true,"href":"https:\/\/lamendigapolitica.com\/index.php?rest_route=%2Fwp%2Fv2%2Fcomments&post=40861"}],"version-history":[{"count":1,"href":"https:\/\/lamendigapolitica.com\/index.php?rest_route=\/wp\/v2\/posts\/40861\/revisions"}],"predecessor-version":[{"id":40863,"href":"https:\/\/lamendigapolitica.com\/index.php?rest_route=\/wp\/v2\/posts\/40861\/revisions\/40863"}],"wp:attachment":[{"href":"https:\/\/lamendigapolitica.com\/index.php?rest_route=%2Fwp%2Fv2%2Fmedia&parent=40861"}],"wp:term":[{"taxonomy":"category","embeddable":true,"href":"https:\/\/lamendigapolitica.com\/index.php?rest_route=%2Fwp%2Fv2%2Fcategories&post=40861"},{"taxonomy":"post_tag","embeddable":true,"href":"https:\/\/lamendigapolitica.com\/index.php?rest_route=%2Fwp%2Fv2%2Ftags&post=40861"}],"curies":[{"name":"wp","href":"https:\/\/api.w.org\/{rel}","templated":true}]}}