{"id":40858,"date":"2016-09-10T09:45:03","date_gmt":"2016-09-10T14:45:03","guid":{"rendered":"http:\/\/lamendigapolitica.com\/blog\/?p=40858"},"modified":"2016-09-10T09:45:20","modified_gmt":"2016-09-10T14:45:20","slug":"salvador-hernandez-gana-bronce-en-100-metros-en-rio-2016","status":"publish","type":"post","link":"https:\/\/lamendigapolitica.com\/?p=40858","title":{"rendered":"Salvador Hern\u00e1ndez gana bronce en 100 metros en R\u00edo 2016"},"content":{"rendered":"<p><a href=\"https:\/\/lamendigapolitica.com\/blog\/blog\/wp-content\/uploads\/2016\/09\/gana.jpg\" rel=\"attachment wp-att-40859\"><img loading=\"lazy\" decoding=\"async\" class=\"aligncenter wp-image-40859\" src=\"https:\/\/lamendigapolitica.com\/blog\/blog\/wp-content\/uploads\/2016\/09\/gana.jpg\" alt=\"gana\" width=\"385\" height=\"232\" \/><\/a><\/p>\n<p>&nbsp;<\/p>\n<p>El atleta paral\u00edmpico, Salvador Hern\u00e1ndez, gan\u00f3 la medalla de bronce en la prueba de 100 metros en silla de ruedas, categor\u00eda T52, con tiempo de 17.69, en la justa de R\u00edo 2016.<\/p>\n<p>&nbsp;<\/p>\n<p>El mexicano inici\u00f3 la competencia con gran desempe\u00f1o y logr\u00f3 colocarse en el primer sitio, sin embargo fue superado por los norteamericanos Gianfranco Iannotta (17.17) y Mart\u00edn Raymond (17.25).<\/p>\n<p>&nbsp;<\/p>\n<p>Hern\u00e1ndez particip\u00f3 en la clase T52, que es para atletas con diferentes niveles de lesiones de la m\u00e9dula y amputaciones que compiten en silla de ruedas, tanto en pista como en eventos de campo.<\/p>\n","protected":false},"excerpt":{"rendered":"<p>&nbsp; El atleta paral\u00edmpico, Salvador Hern\u00e1ndez, gan\u00f3 la medalla de bronce en la prueba de 100 metros en silla de ruedas, categor\u00eda T52, con tiempo de 17.69, en la justa de R\u00edo 2016. &nbsp; El mexicano inici\u00f3 la competencia con gran desempe\u00f1o y logr\u00f3 colocarse en el primer sitio, sin embargo fue superado por los &hellip; <\/p>\n<p><a class=\"more-link btn\" href=\"https:\/\/lamendigapolitica.com\/?p=40858\">Seguir leyendo<\/a><\/p>\n","protected":false},"author":1,"featured_media":0,"comment_status":"open","ping_status":"closed","sticky":false,"template":"","format":"standard","meta":{"footnotes":""},"categories":[23,20,31,3,22],"tags":[],"class_list":["post-40858","post","type-post","status-publish","format-standard","hentry","category-deportes","category-gobierno","category-internacional","category-politica","category-sociales","item-wrap"],"_links":{"self":[{"href":"https:\/\/lamendigapolitica.com\/index.php?rest_route=\/wp\/v2\/posts\/40858","targetHints":{"allow":["GET"]}}],"collection":[{"href":"https:\/\/lamendigapolitica.com\/index.php?rest_route=\/wp\/v2\/posts"}],"about":[{"href":"https:\/\/lamendigapolitica.com\/index.php?rest_route=\/wp\/v2\/types\/post"}],"author":[{"embeddable":true,"href":"https:\/\/lamendigapolitica.com\/index.php?rest_route=\/wp\/v2\/users\/1"}],"replies":[{"embeddable":true,"href":"https:\/\/lamendigapolitica.com\/index.php?rest_route=%2Fwp%2Fv2%2Fcomments&post=40858"}],"version-history":[{"count":1,"href":"https:\/\/lamendigapolitica.com\/index.php?rest_route=\/wp\/v2\/posts\/40858\/revisions"}],"predecessor-version":[{"id":40860,"href":"https:\/\/lamendigapolitica.com\/index.php?rest_route=\/wp\/v2\/posts\/40858\/revisions\/40860"}],"wp:attachment":[{"href":"https:\/\/lamendigapolitica.com\/index.php?rest_route=%2Fwp%2Fv2%2Fmedia&parent=40858"}],"wp:term":[{"taxonomy":"category","embeddable":true,"href":"https:\/\/lamendigapolitica.com\/index.php?rest_route=%2Fwp%2Fv2%2Fcategories&post=40858"},{"taxonomy":"post_tag","embeddable":true,"href":"https:\/\/lamendigapolitica.com\/index.php?rest_route=%2Fwp%2Fv2%2Ftags&post=40858"}],"curies":[{"name":"wp","href":"https:\/\/api.w.org\/{rel}","templated":true}]}}